{"id":8630,"date":"2020-11-23T11:57:37","date_gmt":"2020-11-23T09:57:37","guid":{"rendered":"https:\/\/www.dosacordes.es\/web\/?p=8630"},"modified":"2026-03-17T11:42:40","modified_gmt":"2026-03-17T10:42:40","slug":"metodo-smart-marca-tus-objetivos-al-preparar-tus-clases","status":"publish","type":"post","link":"https:\/\/www.dosacordes.es\/web\/metodo-smart-marca-tus-objetivos-al-preparar-tus-clases\/","title":{"rendered":"M\u00e9todo Smart: marca tus objetivos al preparar tus clases"},"content":{"rendered":"<h2>\u00bfConoces el m\u00e9todo Smart? Util\u00edzalo para preparar tus clases<\/h2>\n<p>Cuando hablamos del<strong> m\u00e9todo<\/strong> <strong>Smart, <\/strong>nos referimos a una\u00a0herramienta que nos permite definir un objetivo (o una serie de objetivos) de manera inteligente. Una herramienta\u00a0 muy utilizada en el \u00e1mbito empresarial, pero que tambi\u00e9n se puede extender a otros \u00e1mbitos, como la <strong>preparaci\u00f3n de clases.<\/strong><\/p>\n<p>Hace un tiempo os hablamos de este m\u00e9todo en el caso de la <a href=\"https:\/\/www.dosacordes.es\/web\/metodologia-smart-marca-los-objetivos-en-la-preparacion-de-oposiciones\/\"><strong>preparaci\u00f3n de oposiciones<\/strong><\/a>, y hoy, queremos profundizar en el caso de la <strong>preparaci\u00f3n de clases<\/strong>. As\u00ed a continuaci\u00f3n os mostramos los pasos para poder utilizar este m\u00e9todo:<!--more--><\/p>\n<h3><strong>S (specific) espec\u00edfico<\/strong><\/h3>\n<p>Los objetivos que marquemos en nuestra\u00a0<strong>preparaci\u00f3n de clases<\/strong>\u00a0deben ser espec\u00edficos. No se trata de definir un objetivo gen\u00e9rico como puede ser \u201cexplicar m\u00e1s temas\u201d, \u201chacer varios ejercicios\u201d\u2026 Sino que tendremos que ser lo m\u00e1s concretos posibles. Pongamos ejemplos:<\/p>\n<ul>\n<li>Explicar los 3 primeros meses entre Octubre y Noviembre.<\/li>\n<li>Hacer un caso pr\u00e1ctico por cada uno de los temas.<\/li>\n<li>Poner un d\u00eda a la semana para debatir en clase.<\/li>\n<li>Preparar los apuntes y las presentaciones para cada tema.<\/li>\n<\/ul>\n<h3><strong>M (measurable) medibles<\/strong><\/h3>\n<p>Cuando marcamos nuestros objetivos tambi\u00e9n tendremos que tener en cuenta que estos deben poder medirse y cuantificarse. En relaci\u00f3n a los objetivos marcados en el apartado anterior vemos que todos se pueden medir.<\/p>\n<p>Hablemos de otros como por ejemplo:<\/p>\n<ul>\n<li>Podremos medir si se han explicado o no los tres temas en los dos meses.<\/li>\n<li>Sabremos si se ha hecho un caso pr\u00e1ctico por cada tema.<\/li>\n<li>\u00bfHemos conseguido hacer un debate un d\u00eda a la semana?<\/li>\n<li>\u00bfHe preparado los apuntes y las presentaciones para los tres temas?<\/li>\n<\/ul>\n<p><img loading=\"lazy\" decoding=\"async\" class=\"size-large wp-image-8632 aligncenter\" src=\"https:\/\/www.dosacordes.es\/web\/wp-content\/uploads\/2020\/11\/classroom-2093743_1920-720x292.jpg\" alt=\"\" width=\"720\" height=\"292\" srcset=\"https:\/\/www.dosacordes.es\/web\/wp-content\/uploads\/2020\/11\/classroom-2093743_1920-720x292.jpg 720w, https:\/\/www.dosacordes.es\/web\/wp-content\/uploads\/2020\/11\/classroom-2093743_1920-300x122.jpg 300w, https:\/\/www.dosacordes.es\/web\/wp-content\/uploads\/2020\/11\/classroom-2093743_1920-416x169.jpg 416w, https:\/\/www.dosacordes.es\/web\/wp-content\/uploads\/2020\/11\/classroom-2093743_1920.jpg 790w\" sizes=\"(max-width: 720px) 100vw, 720px\" \/><\/p>\n<h3><strong>A (attainable): alcanzable<\/strong><\/h3>\n<p>Uno de los puntos m\u00e1s importantes en el <strong>m\u00e9todo Smart<\/strong>, es que nuestros objetivos tienen que ser realistas o alcanzables. Todos\u00a0 tenemos que ser conscientes de nuestras capacidades y\u00a0 circunstancias, adem\u00e1s de las caracter\u00edsticas de cada uno de nuestros grupos de alumnos. Y, bajo estas premisas marcaremos nuestras metas.<\/p>\n<h3><strong>R (relevant) relevante<\/strong><\/h3>\n<p>Las metas que nos hayamos marcado deben ser lo suficientemente importantes o relevantes como para ir a por ellas. De esta manera, marcar como objetivos \u201cque mis alumnos entiendan la materia\u201d, \u201cconseguir que les guste\u201d, \u201cque est\u00e9n bien preparados para la selectividad\u201d, etc., son lo bastante relevantes\u2026<\/p>\n<h3><strong>T (timeline) tener medida de tiempo<\/strong><\/h3>\n<p>Por \u00faltimo, es muy importante poder medir los objetivos en el tiempo. Es decir, tendremos que planificar todo con calendario\u2026 Preparar \u201cx\u201d temas antes de Enero, conseguir que hagan \u201cx \u201cactividades antes del primer trimestre, haber hecho dos ex\u00e1menes antes de Navidades\u2026<\/p>\n<p>&nbsp;<\/p>\n","protected":false},"excerpt":{"rendered":"<p>\u00bfConoces el m\u00e9todo Smart? Util\u00edzalo para preparar tus clases Cuando hablamos del m\u00e9todo Smart, nos referimos a una\u00a0herramienta que nos permite definir un objetivo (o una serie de objetivos) de manera inteligente. Una herramienta\u00a0 muy utilizada en el \u00e1mbito empresarial, pero que tambi\u00e9n se puede extender a otros \u00e1mbitos, como la preparaci\u00f3n de clases. Hace [&hellip;]<\/p>\n","protected":false},"author":7,"featured_media":8631,"comment_status":"closed","ping_status":"closed","sticky":false,"template":"","format":"standard","meta":{"om_disable_all_campaigns":false,"_monsterinsights_skip_tracking":false,"_monsterinsights_sitenote_active":false,"_monsterinsights_sitenote_note":"","_monsterinsights_sitenote_category":0,"footnotes":""},"categories":[4409],"tags":[104,823,825,824],"aioseo_notices":[],"lang":"es","translations":{"es":8630},"pll_sync_post":[],"_links":{"self":[{"href":"https:\/\/www.dosacordes.es\/web\/wp-json\/wp\/v2\/posts\/8630"}],"collection":[{"href":"https:\/\/www.dosacordes.es\/web\/wp-json\/wp\/v2\/posts"}],"about":[{"href":"https:\/\/www.dosacordes.es\/web\/wp-json\/wp\/v2\/types\/post"}],"author":[{"embeddable":true,"href":"https:\/\/www.dosacordes.es\/web\/wp-json\/wp\/v2\/users\/7"}],"replies":[{"embeddable":true,"href":"https:\/\/www.dosacordes.es\/web\/wp-json\/wp\/v2\/comments?post=8630"}],"version-history":[{"count":2,"href":"https:\/\/www.dosacordes.es\/web\/wp-json\/wp\/v2\/posts\/8630\/revisions"}],"predecessor-version":[{"id":8634,"href":"https:\/\/www.dosacordes.es\/web\/wp-json\/wp\/v2\/posts\/8630\/revisions\/8634"}],"wp:featuredmedia":[{"embeddable":true,"href":"https:\/\/www.dosacordes.es\/web\/wp-json\/wp\/v2\/media\/8631"}],"wp:attachment":[{"href":"https:\/\/www.dosacordes.es\/web\/wp-json\/wp\/v2\/media?parent=8630"}],"wp:term":[{"taxonomy":"category","embeddable":true,"href":"https:\/\/www.dosacordes.es\/web\/wp-json\/wp\/v2\/categories?post=8630"},{"taxonomy":"post_tag","embeddable":true,"href":"https:\/\/www.dosacordes.es\/web\/wp-json\/wp\/v2\/tags?post=8630"}],"curies":[{"name":"wp","href":"https:\/\/api.w.org\/{rel}","templated":true}]}}