{"id":7753,"date":"2020-07-24T10:56:28","date_gmt":"2020-07-24T08:56:28","guid":{"rendered":"http:\/\/www.dosacordes.es\/web\/?p=7753"},"modified":"2026-03-17T12:18:46","modified_gmt":"2026-03-17T11:18:46","slug":"javier-jurado-preparador-de-educacion-musical-secundaria-y-conservatorios","status":"publish","type":"post","link":"https:\/\/www.dosacordes.es\/web\/javier-jurado-preparador-de-educacion-musical-secundaria-y-conservatorios\/","title":{"rendered":"Javier Jurado: preparador de Educaci\u00f3n Musical, Secundaria, y Conservatorios"},"content":{"rendered":"<h2 class=\"wp-block-heading\">\u00bfEst\u00e1s buscando un preparador de Educaci\u00f3n Musical? \u00bfDe M\u00fasica de Secundaria o de Conservatorios?<\/h2><p><strong>Javier Jurado<\/strong>, es preparador de <strong><a href=\"https:\/\/academia.dosacordes.es\/course\/view.php?id=69\">Educaci\u00f3n Musical<\/a>, <a href=\"https:\/\/academia.dosacordes.es\/course\/view.php?id=70\">Secundaria<\/a>, y <a href=\"https:\/\/academia.dosacordes.es\/course\/view.php?id=72&amp;section=0\">Conservatorios<\/a> <\/strong>en <strong>Dos Acordes<\/strong>.<\/p><blockquote class=\"wp-block-quote is-layout-flow wp-block-quote-is-layout-flow\">Javier es Titulado Superior en M\u00fasica (flauta travesera). Licenciado en Historia y Ciencias de la M\u00fasica. M\u00e1ster en Musicolog\u00eda Hist\u00f3rica. Doctor en Did\u00e1cticas Espec\u00edficas. Catedr\u00e1tico de M\u00fasica y Artes esc\u00e9nicas (Historia de la M\u00fasica).<\/blockquote><p><!--more--><\/p><div class=\"wp-block-image\">\r\n<figure class=\"aligncenter size-large\"><img loading=\"lazy\" decoding=\"async\" width=\"1024\" height=\"711\" class=\"wp-image-1117\" src=\"http:\/\/www.dosacordes.es\/web\/wp-content\/uploads\/2019\/08\/9-Ficha-JAVIER-JURADO-1024x711.jpg\" alt=\"\" srcset=\"https:\/\/www.dosacordes.es\/web\/wp-content\/uploads\/2019\/08\/9-Ficha-JAVIER-JURADO-1024x711.jpg 1024w, https:\/\/www.dosacordes.es\/web\/wp-content\/uploads\/2019\/08\/9-Ficha-JAVIER-JURADO-416x289.jpg 416w, https:\/\/www.dosacordes.es\/web\/wp-content\/uploads\/2019\/08\/9-Ficha-JAVIER-JURADO-300x208.jpg 300w, https:\/\/www.dosacordes.es\/web\/wp-content\/uploads\/2019\/08\/9-Ficha-JAVIER-JURADO.jpg 1171w\" sizes=\"(max-width: 1024px) 100vw, 1024px\" \/><\/figure>\r\n<\/div><h2 class=\"wp-block-heading\">\u00bfC\u00f3mo trabaja Javier Jurado en las especialidades?<\/h2><p>Javier Jurado apuesta por la m\u00e1xima de que, la calidad de las <strong>academias de oposiciones<\/strong>: reside en el propio preparador, \u00faltimo responsable de la marcha del curso.<\/p><p>En sus propias palabras:<\/p><blockquote class=\"wp-block-quote is-layout-flow wp-block-quote-is-layout-flow\">Mi experiencia como preparador se remonta a la primera convocatoria de oposiciones de m\u00fasica para el cuerpo de maestros, en 1991; un compa\u00f1ero del colegio me coment\u00f3 que en una academia buscaban preparador de m\u00fasica y all\u00ed me fui, ignorante de a d\u00f3nde me llevar\u00eda aquella aventura. En ese momento limit\u00e9 mi campo de acci\u00f3n a la ciudad donde viv\u00eda, Vigo, para luego trabajar de forma presencial en Santiago, Ourense, Coru\u00f1a y, finalmente, Le\u00f3n. En la actualidad formo a la mayor parte de mi alumnado en clases on-line con soporte de videoconferencia. Ampli\u00e9 mi campo de acci\u00f3n a la especialidad de m\u00fasica de secundaria en 1999 y siete a\u00f1os m\u00e1s tarde incorpor\u00e9 la preparaci\u00f3n de todas las especialidades de conservatorio. En la actualidad sigo preparando personas para estos tres cuerpos docentes; aunque me han llamado en varias ocasiones para impartir infantil y primaria de maestros, no me acabo de decidir\u2026 \u00a1al menos, por el momento!<\/blockquote><blockquote class=\"wp-block-quote is-layout-flow wp-block-quote-is-layout-flow\">Como es esperable (y pienso que exigible) en un preparador de aspirantes a la funci\u00f3n p\u00fablica docente, he superado tambi\u00e9n este tipo de procesos en dos ocasiones, dentro de la misma convocatoria. As\u00ed, soy profesor de M\u00fasica en la Ense\u00f1anza secundaria (en excedencia) y de M\u00fasica y Artes Esc\u00e9nicas, en la especialidad de Historia de la M\u00fasica. En la actualidad, soy Catedr\u00e1tico de M\u00fasica y Artes Esc\u00e9nicas, en la especialidad de Historia de la M\u00fasica, con destino en el Conservatorio Superior de M\u00fasica de Vigo. Tengo experiencia como profesor de Primaria (EGB, mejor dicho), Infantil (en mi \u00e9poca, preescolar), Secundaria Obligatoria y Bachillerato, Conservatorio (Elemental, Profesional y Superior) y Escuela Universitaria de Profesorado. En la actualidad, imparto docencia en el Conservatorio Superior de M\u00fasica de Vigo y colaboro con los Programas de Doctorado de la UPValencia, as\u00ed como con el M\u00e1ster de la VIU.<\/blockquote><p>Javier considera que la preparaci\u00f3n presencial y online son perfectamente compatibles gracias a la videoconferencia. En cuanto a la comodidad y el precio, cada vez son m\u00e1s las personas que abandonan el presencial para pasarse al on-line.<\/p><blockquote class=\"wp-block-quote is-layout-flow wp-block-quote-is-layout-flow\">No ser\u00eda capaz de recordar cu\u00e1ndo comenzamos a disponer de apoyo virtual\u2026 en todo caso, ha pasado mucho tiempo. Todo comenz\u00f3 con una colecci\u00f3n de p\u00e1ginas web programadas en asp que configuraban un peque\u00f1o entorno virtual, m\u00e1s o menos \u201ccasero\u201d (de aquella, \u00a1todo un logro!). Luego incorporamos un blog, m\u00e1s tarde descubrimos las ventajas de la web 2.0 y comenzamos de forma t\u00edmida experimentando con Moodle y herramientas de autor como Exelearning\u2026 Pero siempre me preocup\u00e9 por las nuevas tecnolog\u00edas y su aplicaci\u00f3n en este \u00e1mbito educativo. El curso 2014-2015 hicimos varios experimentos con la videoconferencia a trav\u00e9s de la herramienta BlueBigButton y nos gust\u00f3 tanto que la incorporamos a nuestras clases.<\/blockquote><p>As\u00ed que ya sabes, si est\u00e1s buscando un preparador de <strong>Educaci\u00f3n Musical, M\u00fasica de Secundaria o Conservatorio<\/strong>, en Javier Jurado encontrar\u00e1s la mejor opci\u00f3n.<\/p><div class=\"wp-block-buttons aligncenter is-layout-flex wp-block-buttons-is-layout-flex\"><div class=\"wp-block-button\"><a class=\"wp-block-button__link has-text-color has-vivid-cyan-blue-color has-background has-light-green-cyan-background-color\" href=\"https:\/\/academia.dosacordes.es\/\">Crea tu ticket y recibe toda la informaci\u00f3n de Educaci\u00f3n Musical, M\u00fasica de Secundaria o de Conservatorios<\/a><\/div><\/div>","protected":false},"excerpt":{"rendered":"<p>\u00bfEst\u00e1s buscando un preparador de Educaci\u00f3n Musical? \u00bfDe M\u00fasica de Secundaria o de Conservatorios? Javier Jurado, es preparador de Educaci\u00f3n Musical, Secundaria, y Conservatorios en Dos Acordes. Javier es Titulado Superior en M\u00fasica (flauta travesera). Licenciado en Historia y Ciencias de la M\u00fasica. M\u00e1ster en Musicolog\u00eda Hist\u00f3rica. Doctor en Did\u00e1cticas Espec\u00edficas. Catedr\u00e1tico de M\u00fasica y [&hellip;]<\/p>\n","protected":false},"author":7,"featured_media":7890,"comment_status":"closed","ping_status":"closed","sticky":false,"template":"","format":"standard","meta":{"om_disable_all_campaigns":false,"_monsterinsights_skip_tracking":false,"_monsterinsights_sitenote_active":false,"_monsterinsights_sitenote_note":"","_monsterinsights_sitenote_category":0,"footnotes":""},"categories":[52,4417],"tags":[112,108,762,91],"aioseo_notices":[],"lang":"es","translations":{"es":7753},"pll_sync_post":[],"_links":{"self":[{"href":"https:\/\/www.dosacordes.es\/web\/wp-json\/wp\/v2\/posts\/7753"}],"collection":[{"href":"https:\/\/www.dosacordes.es\/web\/wp-json\/wp\/v2\/posts"}],"about":[{"href":"https:\/\/www.dosacordes.es\/web\/wp-json\/wp\/v2\/types\/post"}],"author":[{"embeddable":true,"href":"https:\/\/www.dosacordes.es\/web\/wp-json\/wp\/v2\/users\/7"}],"replies":[{"embeddable":true,"href":"https:\/\/www.dosacordes.es\/web\/wp-json\/wp\/v2\/comments?post=7753"}],"version-history":[{"count":2,"href":"https:\/\/www.dosacordes.es\/web\/wp-json\/wp\/v2\/posts\/7753\/revisions"}],"predecessor-version":[{"id":7756,"href":"https:\/\/www.dosacordes.es\/web\/wp-json\/wp\/v2\/posts\/7753\/revisions\/7756"}],"wp:featuredmedia":[{"embeddable":true,"href":"https:\/\/www.dosacordes.es\/web\/wp-json\/wp\/v2\/media\/7890"}],"wp:attachment":[{"href":"https:\/\/www.dosacordes.es\/web\/wp-json\/wp\/v2\/media?parent=7753"}],"wp:term":[{"taxonomy":"category","embeddable":true,"href":"https:\/\/www.dosacordes.es\/web\/wp-json\/wp\/v2\/categories?post=7753"},{"taxonomy":"post_tag","embeddable":true,"href":"https:\/\/www.dosacordes.es\/web\/wp-json\/wp\/v2\/tags?post=7753"}],"curies":[{"name":"wp","href":"https:\/\/api.w.org\/{rel}","templated":true}]}}