{"id":6517,"date":"2020-05-28T19:37:00","date_gmt":"2020-05-28T17:37:00","guid":{"rendered":"http:\/\/www.dosacordes.es\/web\/?p=2278"},"modified":"2020-05-31T23:32:36","modified_gmt":"2020-05-31T21:32:36","slug":"oposiciones-de-musica-ed-secundaria-y-primaria-en-dos-acordes","status":"publish","type":"post","link":"https:\/\/www.dosacordes.es\/web\/oposiciones-de-musica-ed-secundaria-y-primaria-en-dos-acordes\/","title":{"rendered":"Oposiciones de m\u00fasica: Ed. Secundaria y Primaria en Dos Acordes"},"content":{"rendered":"<h2 class=\"wp-block-heading\"><strong>\u00bfQuieres preparar las <a href=\"https:\/\/academia.dosacordes.es\/\">oposiciones de m\u00fasica<\/a> para Ed. Secundaria?, \u00bfpara el cuerpo de Maestros?<\/strong><\/h2><p>En <strong>Dos Acordes <\/strong>tenemos grupo para ambas especialidades; tanto pa<strong>ra Educaci\u00f3n Secundaria (M\u00fasica), <\/strong>como para el <strong>cuerpo de Maestros. <\/strong>As\u00ed que si est\u00e1s buscando un <strong><a href=\"https:\/\/academia.dosacordes.es\/\">preparador de oposiciones de m\u00fasica<\/a>, <\/strong>no dudes en consultarnos.<\/p><p>Estamos ya trabajando en los nuevos cursos para el curso que viene, y pronto abriremos la matr\u00edcula. Pero, mientras tanto, vamos adelantando informaci\u00f3n:&nbsp;&nbsp;&nbsp;&nbsp;&nbsp;&nbsp;&nbsp;<\/p><!--more--><h3 class=\"wp-block-heading\"><strong>Educaci\u00f3n Secundaria (M\u00fasica)<\/strong><\/h3><p><strong>El preparador de las oposiciones de m\u00fasica para secundaria es Javier Jurado, <\/strong>Titulado Superior en M\u00fasica (flauta travesera). Licenciado en Historia y Ciencias de la M\u00fasica. M\u00e1ster en Musicolog\u00eda Hist\u00f3rica. Doctor en Did\u00e1cticas Espec\u00edficas. Catedr\u00e1tico de M\u00fasica y Artes esc\u00e9nicas (especialidad de Historia de la M\u00fasica).<\/p><figure class=\"wp-block-image size-large\"><img loading=\"lazy\" decoding=\"async\" width=\"1024\" height=\"711\" src=\"http:\/\/www.dosacordes.es\/web\/wp-content\/uploads\/2019\/08\/9-Ficha-JAVIER-JURADO-1024x711.jpg\" alt=\"\" class=\"wp-image-1117\" srcset=\"https:\/\/www.dosacordes.es\/web\/wp-content\/uploads\/2019\/08\/9-Ficha-JAVIER-JURADO-1024x711.jpg 1024w, https:\/\/www.dosacordes.es\/web\/wp-content\/uploads\/2019\/08\/9-Ficha-JAVIER-JURADO-416x289.jpg 416w, https:\/\/www.dosacordes.es\/web\/wp-content\/uploads\/2019\/08\/9-Ficha-JAVIER-JURADO-300x208.jpg 300w, https:\/\/www.dosacordes.es\/web\/wp-content\/uploads\/2019\/08\/9-Ficha-JAVIER-JURADO.jpg 1171w\" sizes=\"(max-width: 1024px) 100vw, 1024px\" \/><\/figure><p>Cabe destacar adem\u00e1s que, en <strong>Dos Acordes:<\/strong><\/p><blockquote class=\"wp-block-quote is-layout-flow wp-block-quote-is-layout-flow\"><p><strong>Preparamos todas las pruebas para todas las comunidades<\/strong>: pruebas pr\u00e1cticas (comentario de audici\u00f3n, comentario de texto, an\u00e1lisis de partituras, did\u00e1ctica de la audici\u00f3n\u2026), temarios, parte pedag\u00f3gica\u2026<\/p><p>Trabajamos la Programaci\u00f3n Did\u00e1ctica, que realiza cada persona compartida con el equipo de preparadores de <strong>Dos Acordes<\/strong> (supervisados por Javier Jurado) siguiendo la legislaci\u00f3n de cada comunidad aut\u00f3noma), as\u00ed como las Unidades Did\u00e1cticas. Facilitamos gratuitamente el temario completo, de elaboraci\u00f3n propia, que colgamos en la web en PDF progresivamente.<\/p><p>Preparamos audici\u00f3n, con y sin partitura (ya que depende de la comunidad aut\u00f3noma), siguiendo un orden cronol\u00f3gico, desde el gregoriano, y por par\u00e1metros (ritmo, melod\u00eda, armon\u00eda, forma, textura, relaci\u00f3n con el texto &#8211; si hay -, orquestaci\u00f3n&#8230;). Tambi\u00e9n preparamos el an\u00e1lisis de partituras y el comentario de texto exigido en varias comunidades. Realizamos simulacros trimestrales de esta prueba pr\u00e1ctica, as\u00ed como de temas.<\/p><p><\/p><\/blockquote><h3 class=\"wp-block-heading\"><strong>Educaci\u00f3n musical primaria<\/strong><\/h3><p>Si quieres <strong><a href=\"https:\/\/academia.dosacordes.es\/course\/view.php?id=69&amp;section=1\">preparar las oposiciones de Educaci\u00f3n Musical para primaria<\/a><\/strong>, conf\u00eda en nuestra academia. Ofrecemos un temario propio (actualizado), gratuito para nuestro alumnado y trabajamos la Programaci\u00f3n Did\u00e1ctica y las Unidades Did\u00e1cticas. La programaci\u00f3n, realizada por cada alumno, se comparte con el equipo de preparadores de Dos Acordes (supervisados por Javier Jurado).<\/p><p>Pero, adem\u00e1s, realizamos simulacros de temas y del ejercicio pr\u00e1ctico escrito una vez al trimestre, que los preparadores devuelven corregidos, adem\u00e1s de exposiciones online de la programaci\u00f3n, etc.<\/p><figure class=\"wp-block-image size-large\"><img loading=\"lazy\" decoding=\"async\" width=\"960\" height=\"559\" src=\"http:\/\/www.dosacordes.es\/web\/wp-content\/uploads\/2019\/10\/instruments-1455981_960_720.jpg\" alt=\"Oposiciones m\u00fasica secundaria\" class=\"wp-image-1347\" srcset=\"https:\/\/www.dosacordes.es\/web\/wp-content\/uploads\/2019\/10\/instruments-1455981_960_720.jpg 960w, https:\/\/www.dosacordes.es\/web\/wp-content\/uploads\/2019\/10\/instruments-1455981_960_720-300x175.jpg 300w, https:\/\/www.dosacordes.es\/web\/wp-content\/uploads\/2019\/10\/instruments-1455981_960_720-653x380.jpg 653w, https:\/\/www.dosacordes.es\/web\/wp-content\/uploads\/2019\/10\/instruments-1455981_960_720-416x242.jpg 416w\" sizes=\"(max-width: 960px) 100vw, 960px\" \/><\/figure><p>Desde nuestra <strong><a href=\"https:\/\/academia.dosacordes.es\/\">academia de oposiciones<\/a><\/strong> nos adecuamos a todas las Comunidades. Por lo que nuestro temario es com\u00fan a todo el territorio espa\u00f1ol (actualizado), y se puede adaptar muy f\u00e1cilmente a la normativa espec\u00edfica de cada Comunidad Aut\u00f3noma. Y, lo tenemos todo previsto para que nada quede sin cubrir.<\/p><p><!-- \/wp:quote --><\/p>\n<p><!-- wp:paragraph --><\/p>\n<p>Por no hablar acerca de que:<\/p>\n<p><!-- \/wp:paragraph --><\/p>\n<p><!-- wp:quote --><\/p>\n<blockquote class=\"wp-block-quote\">\n<p><strong>La concreci\u00f3n a las pruebas de cada comunidad alcanza su m\u00e1xima expresi\u00f3n en los ejercicios pr\u00e1cticos<\/strong>. La formaci\u00f3n b\u00e1sica incluye las explicaciones sobre instrumentaci\u00f3n a partir de un texto y el an\u00e1lisis folcl\u00f3rico, mayoritarios en los sistemas de oposiciones de las diferentes comunidades. Adem\u00e1s, se tratan otros ejercicios propios de ciertas comunidades, como las&nbsp;<strong>preguntas cortas (Arag\u00f3n), supuestos pr\u00e1cticos (Euskadi, Navarra y Canarias), dictado (Murcia), repertorio a interpretar (Madrid) y su aplicaci\u00f3n did\u00e1ctica (La Mancha)<\/strong>, etc.<\/p>\n<\/blockquote>\n<p><!-- wp:image {\"id\":1350,\"sizeSlug\":\"large\"} --><\/p>\n<figure class=\"wp-block-image size-large\"><img loading=\"lazy\" decoding=\"async\" width=\"850\" height=\"720\" src=\"http:\/\/www.dosacordes.es\/web\/wp-content\/uploads\/2019\/10\/spain-23588_960_720.png\" alt=\"\" class=\"wp-image-1350\" srcset=\"https:\/\/www.dosacordes.es\/web\/wp-content\/uploads\/2019\/10\/spain-23588_960_720.png 850w, https:\/\/www.dosacordes.es\/web\/wp-content\/uploads\/2019\/10\/spain-23588_960_720-416x352.png 416w, https:\/\/www.dosacordes.es\/web\/wp-content\/uploads\/2019\/10\/spain-23588_960_720-300x254.png 300w\" sizes=\"(max-width: 850px) 100vw, 850px\" \/><\/figure>\n<p><!-- \/wp:image --><\/p>\n<p><!-- wp:heading {\"level\":4} --><\/p>\n<h4><strong>Equipo de preparadores<\/strong><\/h4>\n<p><!-- \/wp:heading --><\/p>\n<p><!-- wp:paragraph --><\/p>\n<p>En Dos Acordes, contamos con un equipo de especialistas de reconocido prestigio que velan para que consigas tu plaza como docente. Y, en la preparaci\u00f3n de <strong>oposiciones de Educaci\u00f3n Musical para primaria te acompa\u00f1ar\u00e1n<\/strong>:<\/p>\n<p><!-- \/wp:paragraph --><\/p>\n<p><!-- \/wp:paragraph --><\/p>\n<p><!-- wp:paragraph --><\/p>\n<p><!-- \/wp:paragraph --><\/p>\n<p><!-- wp:image {\"align\":\"center\",\"id\":1349,\"width\":480,\"height\":313} --><\/p>\n<p><!-- \/wp:image --><\/p>\n<p><!-- wp:heading {\"level\":3} --><\/p>\n<p><!-- \/wp:heading --><\/p>\n<p><!-- wp:paragraph --><\/p>\n<p><!-- \/wp:paragraph --><\/p>\n<p><!-- wp:heading {\"level\":4} --><\/p>\n<h4>Javier Jurado: curso principal<\/h4>\n<p><!-- \/wp:heading --><\/p>\n<p><!-- wp:quote --><\/p>\n<blockquote class=\"wp-block-quote\">\n<p>Titulado Superior en M\u00fasica (flauta travesera). Licenciado en Historia y Ciencias de la M\u00fasica. M\u00e1ster en Musicolog\u00eda Hist\u00f3rica. Doctor en Did\u00e1cticas Espec\u00edficas. Catedr\u00e1tico de M\u00fasica y Artes esc\u00e9nicas (especialidad de Historia de la M\u00fasica).<\/p>\n<\/blockquote>\n<p><!-- \/wp:quote --><\/p>\n<p><!-- wp:heading {\"level\":4} --><\/p>\n<h4>Alberto Miranda: supuestos pr\u00e1cticos<\/h4>\n<p><!-- \/wp:heading --><\/p>\n<p><!-- wp:quote --><\/p>\n<blockquote class=\"wp-block-quote\">\n<p>Titulado Profesional en Gaita Galega y Diplomado en Educaci\u00f3n Musical.<\/p>\n<\/blockquote>\n<p><!-- \/wp:quote --><\/p>\n<p><!-- wp:heading {\"level\":4} --><\/p>\n<h4>Juan Casado: M\u00f3dulos Ritmo y lectura &#8211; Intrumentaci\u00f3n \/ Composici\u00f3n &#8211; Dictados musicales)<\/h4>\n<p><!-- \/wp:heading --><\/p>\n<p><!-- wp:quote --><\/p>\n<blockquote class=\"wp-block-quote\">\n<p>Maestro especialista en Educaci\u00f3n Musical. Profesor titulado superior de Piano y M\u00fasica de c\u00e1mara T\u00edtulo de Profesor de Solfeo, Teor\u00eda de la M\u00fasica, Transposici\u00f3n y Acompa\u00f1amiento .<\/p>\n<\/blockquote>\n<p><!-- \/wp:quote --><\/p>\n<p><!-- wp:heading {\"level\":4} --><\/p>\n<h4>Carlos Garc\u00eda&nbsp;(M\u00f3dulo Ritmo y lectura)<\/h4>\n<p><!-- \/wp:heading --><\/p>\n<p><!-- wp:quote --><\/p>\n<blockquote class=\"wp-block-quote\">\n<p>Maestro especialista en Educaci\u00f3n Musical. Titulado superior de M\u00fasica: Clarinete.<\/p>\n<\/blockquote>\n<p><!-- \/wp:button --><\/p>\n<p><!-- wp:tadv\/classic-paragraph \/--><\/p>\n<p><!-- wp:buttons --><\/p>\n<div class=\"wp-block-buttons\"><!-- wp:button {\"backgroundColor\":\"vivid-green-cyan\",\"textColor\":\"vivid-cyan-blue\",\"className\":\"is-style-outline\"} --><p><\/p>\n<div class=\"wp-block-button is-style-outline\"><a class=\"wp-block-button__link has-text-color has-vivid-cyan-blue-color has-background has-vivid-green-cyan-background-color\" href=\"https:\/\/academia.dosacordes.es\/\">Prepara las oposiciones de m\u00fasica en Dos Acordes<\/a><\/div>\n<p><!-- \/wp:button --><\/p><\/div>\n<p><!-- \/wp:buttons --><\/p>\n<p><!-- wp:tadv\/classic-paragraph \/--><\/p>","protected":false},"excerpt":{"rendered":"<p>\u00bfQuieres preparar las oposiciones de m\u00fasica para Ed. Secundaria?, \u00bfpara el cuerpo de Maestros? En Dos Acordes tenemos grupo para ambas especialidades; tanto para Educaci\u00f3n Secundaria (M\u00fasica), como para el cuerpo de Maestros. As\u00ed que si est\u00e1s buscando un preparador de oposiciones de m\u00fasica, no dudes en consultarnos. Estamos ya trabajando en los nuevos cursos [&hellip;]<\/p>\n","protected":false},"author":7,"featured_media":6518,"comment_status":"closed","ping_status":"closed","sticky":false,"template":"","format":"standard","meta":{"om_disable_all_campaigns":false,"_monsterinsights_skip_tracking":false,"_monsterinsights_sitenote_active":false,"_monsterinsights_sitenote_note":"","_monsterinsights_sitenote_category":0,"footnotes":""},"categories":[18],"tags":[421,422,145,230],"aioseo_notices":[],"lang":"es","translations":{"es":6517},"pll_sync_post":[],"_links":{"self":[{"href":"https:\/\/www.dosacordes.es\/web\/wp-json\/wp\/v2\/posts\/6517"}],"collection":[{"href":"https:\/\/www.dosacordes.es\/web\/wp-json\/wp\/v2\/posts"}],"about":[{"href":"https:\/\/www.dosacordes.es\/web\/wp-json\/wp\/v2\/types\/post"}],"author":[{"embeddable":true,"href":"https:\/\/www.dosacordes.es\/web\/wp-json\/wp\/v2\/users\/7"}],"replies":[{"embeddable":true,"href":"https:\/\/www.dosacordes.es\/web\/wp-json\/wp\/v2\/comments?post=6517"}],"version-history":[{"count":1,"href":"https:\/\/www.dosacordes.es\/web\/wp-json\/wp\/v2\/posts\/6517\/revisions"}],"predecessor-version":[{"id":6519,"href":"https:\/\/www.dosacordes.es\/web\/wp-json\/wp\/v2\/posts\/6517\/revisions\/6519"}],"wp:featuredmedia":[{"embeddable":true,"href":"https:\/\/www.dosacordes.es\/web\/wp-json\/wp\/v2\/media\/6518"}],"wp:attachment":[{"href":"https:\/\/www.dosacordes.es\/web\/wp-json\/wp\/v2\/media?parent=6517"}],"wp:term":[{"taxonomy":"category","embeddable":true,"href":"https:\/\/www.dosacordes.es\/web\/wp-json\/wp\/v2\/categories?post=6517"},{"taxonomy":"post_tag","embeddable":true,"href":"https:\/\/www.dosacordes.es\/web\/wp-json\/wp\/v2\/tags?post=6517"}],"curies":[{"name":"wp","href":"https:\/\/api.w.org\/{rel}","templated":true}]}}