{"id":1718,"date":"2020-12-10T06:33:16","date_gmt":"2020-12-10T04:33:16","guid":{"rendered":"http:\/\/www.dosacordes.es\/web\/?p=1718"},"modified":"2026-03-17T11:41:49","modified_gmt":"2026-03-17T10:41:49","slug":"las-multiples-salidas-profesionales-para-musicos","status":"publish","type":"post","link":"https:\/\/www.dosacordes.es\/web\/las-multiples-salidas-profesionales-para-musicos\/","title":{"rendered":"Las m\u00faltiples salidas profesionales para m\u00fasicos"},"content":{"rendered":"<h2 class=\"wp-block-heading\"><strong>\u00bfQuieres conocer las principales <a href=\"http:\/\/www.dosacordes.es\/web\/\">salidas profesionales para m\u00fasicos<\/a>?<\/strong><\/h2><p>Seguro que muchos de vosotros, los que hab\u00e9is estudiado m\u00fasica, habr\u00e9is escuchando en alg\u00fan momento de vuestras vidas, alguna de estas preguntas:<\/p><blockquote class=\"wp-block-quote is-layout-flow wp-block-quote-is-layout-flow\">\r\n<p>&#8211; T\u00fa, \u00bfqu\u00e9 estudias?<\/p>\r\n<p>&#8211;\u00a0 M\u00fasica<\/p>\r\n<p>&#8211; Ah, \u00bfy qu\u00e9 m\u00e1s?<\/p>\r\n<p>O:<\/p>\r\n<p>&#8211; Ah, \u00bfestudias m\u00fasica?, \u00bfy eso para qu\u00e9 vale?<\/p>\r\n<\/blockquote><p>Pues bien, vamos a desmontar mitos, y hablar acerca de las <strong>m\u00faltiples salidas profesionales para m\u00fasicos: <\/strong><\/p><p><!--more--><\/p><div class=\"wp-block-image\">\r\n<figure class=\"aligncenter is-resized\"><img loading=\"lazy\" decoding=\"async\" class=\"wp-image-1440\" src=\"http:\/\/www.dosacordes.es\/web\/wp-content\/uploads\/2019\/11\/classical-music-1838390_960_720-1.jpg\" alt=\"\" width=\"480\" height=\"320\" srcset=\"https:\/\/www.dosacordes.es\/web\/wp-content\/uploads\/2019\/11\/classical-music-1838390_960_720-1.jpg 960w, https:\/\/www.dosacordes.es\/web\/wp-content\/uploads\/2019\/11\/classical-music-1838390_960_720-1-416x277.jpg 416w, https:\/\/www.dosacordes.es\/web\/wp-content\/uploads\/2019\/11\/classical-music-1838390_960_720-1-300x200.jpg 300w, https:\/\/www.dosacordes.es\/web\/wp-content\/uploads\/2019\/11\/classical-music-1838390_960_720-1-272x182.jpg 272w\" sizes=\"(max-width: 480px) 100vw, 480px\" \/><\/figure>\r\n<\/div><h3 class=\"wp-block-heading\"><strong>Salidas profesionales para m\u00fasicos en el \u00e1mbito interpretativo <\/strong><\/h3><ul>\r\n<li>Solistas y m\u00fasicos de c\u00e1mara<\/li>\r\n<li>Director de orquesta\/ coros<\/li>\r\n<li>Vocalista en grupo y cantantes en coros<\/li>\r\n<li>Pianista acompa\u00f1ante de instrumentos (salidas profesionales opositando, recuerda que en <strong>Dos Acordes<\/strong> preparamos tambi\u00e9n para esta profesi\u00f3n, pregunta sin compromiso), danza, repertorista con cantantes, formaciones orquestales, musicales, obras teatrales musicalizadas, etc.<\/li>\r\n<\/ul><h3 class=\"wp-block-heading\"><strong>Salidas profesionales para m\u00fasicos en el \u00e1mbito de la creaci\u00f3n<\/strong><\/h3><ul>\r\n<li>Compositor (inf\u00f3rmate de las oposiciones para compositores en nuestra academia), Arreglista, Letrista\u2026<\/li>\r\n<\/ul><h3 class=\"wp-block-heading\"><strong>Salidas profesionales para m\u00fasicos en el \u00e1mbito docente<\/strong><\/h3><ul>\r\n<li>Profesor de conservatorio (distintas especialidades)<\/li>\r\n<\/ul><ul>\r\n<li>Profesor de escuela de m\u00fasica<\/li>\r\n<\/ul><ul>\r\n<li>\u00a0Profesor de m\u00fasica en educaci\u00f3n primaria<\/li>\r\n<\/ul><ul>\r\n<li>Profesor de m\u00fasica en educaci\u00f3n secundaria<\/li>\r\n<\/ul><ul>\r\n<li>Profesor de m\u00fasica en la universidad<\/li>\r\n<\/ul><p>En el caso del \u00e1mbito docente no dudes en <strong><a href=\"http:\/\/www.dosacordes.es\/web\/\">preparar las oposiciones<\/a> en nuestra academia<\/strong> de cara al pr\u00f3ximo a\u00f1o 2020\u2026<\/p><div class=\"wp-block-image\">\r\n<figure class=\"aligncenter is-resized\"><img loading=\"lazy\" decoding=\"async\" class=\"wp-image-1164\" src=\"http:\/\/www.dosacordes.es\/web\/wp-content\/uploads\/2019\/08\/Oposiciones-de-secundaria-1.jpg\" alt=\"\" width=\"480\" height=\"320\" srcset=\"https:\/\/www.dosacordes.es\/web\/wp-content\/uploads\/2019\/08\/Oposiciones-de-secundaria-1.jpg 960w, https:\/\/www.dosacordes.es\/web\/wp-content\/uploads\/2019\/08\/Oposiciones-de-secundaria-1-416x277.jpg 416w, https:\/\/www.dosacordes.es\/web\/wp-content\/uploads\/2019\/08\/Oposiciones-de-secundaria-1-300x200.jpg 300w, https:\/\/www.dosacordes.es\/web\/wp-content\/uploads\/2019\/08\/Oposiciones-de-secundaria-1-272x182.jpg 272w\" sizes=\"(max-width: 480px) 100vw, 480px\" \/><\/figure>\r\n<\/div><h3 class=\"wp-block-heading\"><strong>Salidas profesionales para m\u00fasicos en el \u00e1mbito investigador<\/strong><\/h3><ul>\r\n<li>Music\u00f3logo<\/li>\r\n<\/ul><ul>\r\n<li>Cr\u00edtico musical<\/li>\r\n<\/ul><ul>\r\n<li>Archivero<\/li>\r\n<\/ul><h3 class=\"wp-block-heading\"><strong>Salidas profesionales para m\u00fasicos en otros \u00e1mbitos <\/strong><\/h3><ul>\r\n<li>\u00a0\u00a0<strong>Ciencias de la salud<\/strong>: M\u00fasico-terapeua<\/li>\r\n<li>\u00a0\u00a0<strong>Editorial:<\/strong> Editor de partituras\/copista, arreglista.<\/li>\r\n<li><strong>\u00a0\u00a0Mec\u00e1nica instrumental<\/strong>: Luthier, Afinador, experto en reparaci\u00f3n de instrumentos<\/li>\r\n<\/ul><p>Pues bien, ahora que ya hemos desterrado algunos de los mitos sobre los<strong> m\u00fasicos<\/strong>, \u00bfqu\u00e9 responder\u00e1s cuando te vuelvan a hacer alguna de las preguntas del inicio? Parece que las salidas profesionales son muchas m\u00e1s de las que a priori podr\u00edamos pensar\u2026 \u00a1Por eso si eres un amante de este mundo, no dudes y l\u00e1nzate a estudiar!<\/p>","protected":false},"excerpt":{"rendered":"<p>\u00bfQuieres conocer las principales salidas profesionales para m\u00fasicos? Seguro que muchos de vosotros, los que hab\u00e9is estudiado m\u00fasica, habr\u00e9is escuchando en alg\u00fan momento de vuestras vidas, alguna de estas preguntas: &#8211; T\u00fa, \u00bfqu\u00e9 estudias? &#8211;\u00a0 M\u00fasica &#8211; Ah, \u00bfy qu\u00e9 m\u00e1s? O: &#8211; Ah, \u00bfestudias m\u00fasica?, \u00bfy eso para qu\u00e9 vale? Pues bien, vamos a [&hellip;]<\/p>\n","protected":false},"author":7,"featured_media":1722,"comment_status":"closed","ping_status":"closed","sticky":false,"template":"","format":"standard","meta":{"om_disable_all_campaigns":false,"_monsterinsights_skip_tracking":false,"_monsterinsights_sitenote_active":false,"_monsterinsights_sitenote_note":"","_monsterinsights_sitenote_category":0,"footnotes":""},"categories":[1],"tags":[],"aioseo_notices":[],"lang":"es","translations":{"es":1718},"pll_sync_post":[],"_links":{"self":[{"href":"https:\/\/www.dosacordes.es\/web\/wp-json\/wp\/v2\/posts\/1718"}],"collection":[{"href":"https:\/\/www.dosacordes.es\/web\/wp-json\/wp\/v2\/posts"}],"about":[{"href":"https:\/\/www.dosacordes.es\/web\/wp-json\/wp\/v2\/types\/post"}],"author":[{"embeddable":true,"href":"https:\/\/www.dosacordes.es\/web\/wp-json\/wp\/v2\/users\/7"}],"replies":[{"embeddable":true,"href":"https:\/\/www.dosacordes.es\/web\/wp-json\/wp\/v2\/comments?post=1718"}],"version-history":[{"count":6,"href":"https:\/\/www.dosacordes.es\/web\/wp-json\/wp\/v2\/posts\/1718\/revisions"}],"predecessor-version":[{"id":8737,"href":"https:\/\/www.dosacordes.es\/web\/wp-json\/wp\/v2\/posts\/1718\/revisions\/8737"}],"wp:featuredmedia":[{"embeddable":true,"href":"https:\/\/www.dosacordes.es\/web\/wp-json\/wp\/v2\/media\/1722"}],"wp:attachment":[{"href":"https:\/\/www.dosacordes.es\/web\/wp-json\/wp\/v2\/media?parent=1718"}],"wp:term":[{"taxonomy":"category","embeddable":true,"href":"https:\/\/www.dosacordes.es\/web\/wp-json\/wp\/v2\/categories?post=1718"},{"taxonomy":"post_tag","embeddable":true,"href":"https:\/\/www.dosacordes.es\/web\/wp-json\/wp\/v2\/tags?post=1718"}],"curies":[{"name":"wp","href":"https:\/\/api.w.org\/{rel}","templated":true}]}}