{"id":15573,"date":"2025-10-30T12:06:53","date_gmt":"2025-10-30T11:06:53","guid":{"rendered":"https:\/\/www.dosacordes.es\/web\/?p=15573"},"modified":"2026-03-17T11:29:23","modified_gmt":"2026-03-17T10:29:23","slug":"el-fantasma-de-las-tildes-diacriticas","status":"publish","type":"post","link":"https:\/\/www.dosacordes.es\/web\/el-fantasma-de-las-tildes-diacriticas\/","title":{"rendered":"El fantasma de las tildes diacr\u00edticas"},"content":{"rendered":"<p style=\"text-align: justify;\">\u00a1Hola!<\/p>\n<p style=\"text-align: justify;\">Hace tiempo te promet\u00ed un segundo cap\u00edtulo de una novela interminable\u2026 \u00bfTe acuerdas? \ud83e\udd2d.<\/p>\n<p style=\"text-align: justify;\"><em>(\u00bfNo? \u00bfNada? Ay, qu\u00e9 cabeza, menos mal que yo s\u00ed)<\/em><\/p>\n<p style=\"text-align: justify;\">Esa novela interminable no es m\u00e1s que el asunto de las <a href=\"https:\/\/www.dosacordes.es\/web\/entonces-el-adverbio-solo-lleva-tilde\/\">tildes.<\/a> A veces, somos demasiado nost\u00e1lgicos. Cualquier tiempo pasado nos parece mejor. Concretamente, ese en el que nos dejaban acentuar a nuestro antojo los <strong>pronombres demostrativos. <\/strong>\u00a1Qu\u00e9 momentos!<\/p>\n<p style=\"text-align: justify;\">Y oye, te lo admito, yo tambi\u00e9n soy de las que pensaban que quedaban hasta bien. Que t\u00fa escrib\u00edas una frase <em>medioqu\u00e9, <\/em>pero de repente aparec\u00eda un \u00ab\u00e9ste\u00bb y aquello rezumaba sabidur\u00eda.<\/p>\n<p style=\"text-align: justify;\">Pues, por si no te hab\u00edas enterado, lamento comunicarte que <strong>hace ya bastantes a\u00f1os que <a href=\"https:\/\/www.rae.es\/espanol-al-dia\/el-adverbio-solo-y-los-pronombres-demostrativos-sin-tilde\">no es correcto.<\/a><\/strong> As\u00ed que: no lo hagas \ud83d\ude0a. En realidad, no queda tan bien y no parecemos ningunos entendidos. Todo lo contrario, la verdad.<\/p>\n<p style=\"text-align: justify;\"><em>Piri i qui pisi si\u2026<\/em><\/p>\n<p style=\"text-align: justify;\"><strong>No pasa. <\/strong><\/p>\n<p style=\"text-align: justify;\">Ya te lo digo.<\/p>\n<p style=\"text-align: justify;\">Si una oraci\u00f3n tiene una ambig\u00fcedad tal que solo una tilde es capaz de solucionarla, mejor escr\u00edbela de nuevo, porque algo no est\u00e1s haciendo bien. Pero oye, que no te ofendas, que no son mis palabras, son las de la RAE:<\/p>\n<p style=\"text-align: justify;\">\u00abComo regla general, se recomienda <strong>no tildar nunca<\/strong> estas palabras, ya que las posibles ambig\u00fcedades pueden resolverse casi siempre por el propio contexto comunicativo (ling\u00fc\u00edstico o extraling\u00fc\u00edstico), en funci\u00f3n del cual solo suele ser admisible una de las dos opciones interpretativas\u00bb.<\/p>\n<p style=\"text-align: justify;\">Ay, si es que te lo tengo dicho, \u00a1menos es m\u00e1s!\u00a0<em>(&#8230;a ver si ahora te vas a dejar la mitad de las tildes y me echas a mi la culpa, ver\u00e1s&#8230;).<\/em><\/p>\n<p style=\"text-align: justify;\">Ale, otra cosita aprendida. Me voy, pero no sin antes recordarte que est\u00e1 habiendo mucho movimiento de <a href=\"https:\/\/www.instagram.com\/dosacordes\/\">comunidades aut\u00f3nomas anunciando cositas.<\/a> Como<em> influencer <\/em>en Black Friday.<\/p>\n<p style=\"text-align: justify;\">No dig\u00e1is que no avis\u00e9: Navarra, Baleares, Galicia\u2026 Las oposiciones docentes de 2026 se vienen fuertes.<\/p>\n<p style=\"text-align: justify;\">Ale. \u00a1Chao! \ud83d\udc99<\/p>\n<p><img loading=\"lazy\" decoding=\"async\" class=\" wp-image-13894 alignleft\" src=\"https:\/\/www.dosacordes.es\/web\/wp-content\/uploads\/2024\/10\/Diseno-sin-titulo-3-300x300.png\" alt=\"\" width=\"204\" height=\"204\" srcset=\"https:\/\/www.dosacordes.es\/web\/wp-content\/uploads\/2024\/10\/Diseno-sin-titulo-3-300x300.png 300w, https:\/\/www.dosacordes.es\/web\/wp-content\/uploads\/2024\/10\/Diseno-sin-titulo-3-380x380.png 380w, https:\/\/www.dosacordes.es\/web\/wp-content\/uploads\/2024\/10\/Diseno-sin-titulo-3-90x90.png 90w, https:\/\/www.dosacordes.es\/web\/wp-content\/uploads\/2024\/10\/Diseno-sin-titulo-3-416x416.png 416w, https:\/\/www.dosacordes.es\/web\/wp-content\/uploads\/2024\/10\/Diseno-sin-titulo-3-100x100.png 100w, https:\/\/www.dosacordes.es\/web\/wp-content\/uploads\/2024\/10\/Diseno-sin-titulo-3.png 500w\" sizes=\"(max-width: 204px) 100vw, 204px\" \/><\/p>\n","protected":false},"excerpt":{"rendered":"<p>\u00a1Hola! Hace tiempo te promet\u00ed un segundo cap\u00edtulo de una novela interminable\u2026 \u00bfTe acuerdas? \ud83e\udd2d. (\u00bfNo? \u00bfNada? Ay, qu\u00e9 cabeza, menos mal que yo s\u00ed) Esa novela interminable no es m\u00e1s que el asunto de las tildes. A veces, somos demasiado nost\u00e1lgicos. Cualquier tiempo pasado nos parece mejor. Concretamente, ese en el que nos dejaban [&hellip;]<\/p>\n","protected":false},"author":1646,"featured_media":0,"comment_status":"closed","ping_status":"closed","sticky":false,"template":"","format":"standard","meta":{"om_disable_all_campaigns":false,"_monsterinsights_skip_tracking":false,"_monsterinsights_sitenote_active":false,"_monsterinsights_sitenote_note":"","_monsterinsights_sitenote_category":0,"footnotes":""},"categories":[4415],"tags":[],"aioseo_notices":[],"lang":"es","translations":{"es":15573},"pll_sync_post":[],"_links":{"self":[{"href":"https:\/\/www.dosacordes.es\/web\/wp-json\/wp\/v2\/posts\/15573"}],"collection":[{"href":"https:\/\/www.dosacordes.es\/web\/wp-json\/wp\/v2\/posts"}],"about":[{"href":"https:\/\/www.dosacordes.es\/web\/wp-json\/wp\/v2\/types\/post"}],"author":[{"embeddable":true,"href":"https:\/\/www.dosacordes.es\/web\/wp-json\/wp\/v2\/users\/1646"}],"replies":[{"embeddable":true,"href":"https:\/\/www.dosacordes.es\/web\/wp-json\/wp\/v2\/comments?post=15573"}],"version-history":[{"count":1,"href":"https:\/\/www.dosacordes.es\/web\/wp-json\/wp\/v2\/posts\/15573\/revisions"}],"predecessor-version":[{"id":15574,"href":"https:\/\/www.dosacordes.es\/web\/wp-json\/wp\/v2\/posts\/15573\/revisions\/15574"}],"wp:attachment":[{"href":"https:\/\/www.dosacordes.es\/web\/wp-json\/wp\/v2\/media?parent=15573"}],"wp:term":[{"taxonomy":"category","embeddable":true,"href":"https:\/\/www.dosacordes.es\/web\/wp-json\/wp\/v2\/categories?post=15573"},{"taxonomy":"post_tag","embeddable":true,"href":"https:\/\/www.dosacordes.es\/web\/wp-json\/wp\/v2\/tags?post=15573"}],"curies":[{"name":"wp","href":"https:\/\/api.w.org\/{rel}","templated":true}]}}