{"id":14189,"date":"2024-11-18T11:11:41","date_gmt":"2024-11-18T10:11:41","guid":{"rendered":"https:\/\/www.dosacordes.es\/web\/?p=14189"},"modified":"2026-03-17T11:33:29","modified_gmt":"2026-03-17T10:33:29","slug":"pequenos-detalles-que-son-ser-grandes-errores","status":"publish","type":"post","link":"https:\/\/www.dosacordes.es\/web\/pequenos-detalles-que-son-ser-grandes-errores\/","title":{"rendered":"Peque\u00f1os detalles que son grandes errores"},"content":{"rendered":"<p style=\"text-align: justify;\">\u00a1Buenos d\u00edas! Con exclamaci\u00f3n, para darle un toque m\u00e1s <em>animao, <\/em>porque estoy totalmente \u00abde lunes\u00bb \ud83d\ude2d.<\/p>\n<p style=\"text-align: justify;\">Mientras me tomaba el caf\u00e9 e intentaba espabilarme un poco, por eso de que tengo que trabajar y tal, me ha dado por pensar en mi \u00e9poca de estudiante. A m\u00ed tambi\u00e9n me penalizaban las faltas de ortograf\u00eda durante la carrera y el m\u00e1ster, as\u00ed que s\u00e9 perfectamente c\u00f3mo te sientes.<\/p>\n<p style=\"text-align: justify;\">Siempre en alerta para no comerte ninguna <em>h<\/em>, o para no ponerla de m\u00e1s por las prisas, luego que si esto era con <em>b <\/em>o con <em>v,<\/em> que si <em>ay madre la g y la j que suenan igual y yo ya no s\u00e9 ni c\u00f3mo me llamo.<\/em><\/p>\n<p style=\"text-align: justify;\">Pues, cuando crees que lo controlas absolutamente todo, que no se te ha escapado ni una coma\u2026 viene la tragedia. \u00bfPues no van y me suspenden por no ponerle tilde al adverbio afirmativo <strong>s\u00ed?<\/strong> Ahora incluso me r\u00edo al pensar en tremenda <em>cagada<\/em>, pero en ese momento me hizo m\u00e1s bien poca gracia. \u00bfEn serio&#8230; por ese peque\u00f1\u00edsimo detalle&#8230;? Pues s\u00ed, claro que s\u00ed. Por peque\u00f1o que parezca el error, esa tilde lo cambia todo, as\u00ed que es tan importante como cualquier otra.<\/p>\n<p style=\"text-align: justify;\">Como no quiero que te quedes con la misma cara de tonta con la que yo me qued\u00e9, aqu\u00ed mi advertencia: <strong>\u00a1ojo <em>cuidao<\/em> con el s\u00ed y el si!<\/strong> <strong>\u00a1que no es lo mismo ni mucho menos! <\/strong>Y por esa palabreja de dos unidades de letras, la liamos.<\/p>\n<p style=\"text-align: justify;\">Gr\u00e1batelo bien:<\/p>\n<p style=\"text-align: justify;\">Cuando <em>si<\/em> act\u00faa como conjunci\u00f3n, no lleva tilde (tampoco cuando es nota musical, recordemos). <em>Si tomamos como referencia lo anteriormente expuesto\u2026 <\/em>AHORA, cuando s\u00ed es un adverbio afirmativo <em>(S\u00ed, quiero) <\/em>o pronombre personal <em>(Dijo para s\u00ed mismo\u2026)<\/em> s\u00ed que lleva tilde.<\/p>\n<p style=\"text-align: justify;\">Dicho esto, \u00a1hasta la pr\u00f3xima! Me retiro porque siento que ya he hecho la buena acci\u00f3n del d\u00eda. Voy a seguir con mi jornada pensando en que cada ratito que pasa me acerca un poco m\u00e1s al fin de semana \ud83d\ude09.<\/p>\n<p style=\"text-align: justify;\">\u00a1Escribid mucho y poned bien las tildes! Y <a href=\"https:\/\/www.dosacordes.es\/web\/blog\/\">leedme<\/a>, anda, que siempre os traigo cositas chulas.<\/p>\n<p><img loading=\"lazy\" decoding=\"async\" class=\" wp-image-13894 alignleft\" src=\"https:\/\/www.dosacordes.es\/web\/wp-content\/uploads\/2024\/10\/Diseno-sin-titulo-3-300x300.png\" alt=\"\" width=\"168\" height=\"168\" srcset=\"https:\/\/www.dosacordes.es\/web\/wp-content\/uploads\/2024\/10\/Diseno-sin-titulo-3-300x300.png 300w, https:\/\/www.dosacordes.es\/web\/wp-content\/uploads\/2024\/10\/Diseno-sin-titulo-3-380x380.png 380w, https:\/\/www.dosacordes.es\/web\/wp-content\/uploads\/2024\/10\/Diseno-sin-titulo-3-90x90.png 90w, https:\/\/www.dosacordes.es\/web\/wp-content\/uploads\/2024\/10\/Diseno-sin-titulo-3-416x416.png 416w, https:\/\/www.dosacordes.es\/web\/wp-content\/uploads\/2024\/10\/Diseno-sin-titulo-3-100x100.png 100w, https:\/\/www.dosacordes.es\/web\/wp-content\/uploads\/2024\/10\/Diseno-sin-titulo-3.png 500w\" sizes=\"(max-width: 168px) 100vw, 168px\" \/><\/p>\n","protected":false},"excerpt":{"rendered":"<p>\u00a1Buenos d\u00edas! Con exclamaci\u00f3n, para darle un toque m\u00e1s animao, porque estoy totalmente \u00abde lunes\u00bb \ud83d\ude2d. Mientras me tomaba el caf\u00e9 e intentaba espabilarme un poco, por eso de que tengo que trabajar y tal, me ha dado por pensar en mi \u00e9poca de estudiante. A m\u00ed tambi\u00e9n me penalizaban las faltas de ortograf\u00eda durante [&hellip;]<\/p>\n","protected":false},"author":1646,"featured_media":0,"comment_status":"closed","ping_status":"closed","sticky":false,"template":"","format":"standard","meta":{"om_disable_all_campaigns":false,"_monsterinsights_skip_tracking":false,"_monsterinsights_sitenote_active":false,"_monsterinsights_sitenote_note":"","_monsterinsights_sitenote_category":0,"footnotes":""},"categories":[4415],"tags":[],"aioseo_notices":[],"lang":"es","translations":{"es":14189},"pll_sync_post":[],"_links":{"self":[{"href":"https:\/\/www.dosacordes.es\/web\/wp-json\/wp\/v2\/posts\/14189"}],"collection":[{"href":"https:\/\/www.dosacordes.es\/web\/wp-json\/wp\/v2\/posts"}],"about":[{"href":"https:\/\/www.dosacordes.es\/web\/wp-json\/wp\/v2\/types\/post"}],"author":[{"embeddable":true,"href":"https:\/\/www.dosacordes.es\/web\/wp-json\/wp\/v2\/users\/1646"}],"replies":[{"embeddable":true,"href":"https:\/\/www.dosacordes.es\/web\/wp-json\/wp\/v2\/comments?post=14189"}],"version-history":[{"count":2,"href":"https:\/\/www.dosacordes.es\/web\/wp-json\/wp\/v2\/posts\/14189\/revisions"}],"predecessor-version":[{"id":14192,"href":"https:\/\/www.dosacordes.es\/web\/wp-json\/wp\/v2\/posts\/14189\/revisions\/14192"}],"wp:attachment":[{"href":"https:\/\/www.dosacordes.es\/web\/wp-json\/wp\/v2\/media?parent=14189"}],"wp:term":[{"taxonomy":"category","embeddable":true,"href":"https:\/\/www.dosacordes.es\/web\/wp-json\/wp\/v2\/categories?post=14189"},{"taxonomy":"post_tag","embeddable":true,"href":"https:\/\/www.dosacordes.es\/web\/wp-json\/wp\/v2\/tags?post=14189"}],"curies":[{"name":"wp","href":"https:\/\/api.w.org\/{rel}","templated":true}]}}