{"id":14061,"date":"2024-11-05T13:27:13","date_gmt":"2024-11-05T12:27:13","guid":{"rendered":"https:\/\/www.dosacordes.es\/web\/?p=14061"},"modified":"2026-03-17T11:34:06","modified_gmt":"2026-03-17T10:34:06","slug":"por-que-porque-no-es-lo-mismo-que-porque","status":"publish","type":"post","link":"https:\/\/www.dosacordes.es\/web\/por-que-porque-no-es-lo-mismo-que-porque\/","title":{"rendered":"\u00bfPor qu\u00e9 \u00abporque\u00bb no es lo mismo que \u00abporqu\u00e9\u00bb?"},"content":{"rendered":"<p style=\"text-align: justify;\">\u00a1Volvemos al l\u00edo!<\/p>\n<p style=\"text-align: justify;\">Halloween ya ha pasado, pero sigue habiendo cosas que dan mucho miedo, y s\u00ed, me refiero a tener faltas de ortograf\u00eda en el examen escrito de la oposici\u00f3n \ud83d\ude35.<\/p>\n<p style=\"text-align: justify;\">Aunque se tiende a pensar que nuestra lengua es m\u00e1s sencilla que otras porque las palabras se pronuncian tal y como se escriben, esto no soluciona el problema de los <strong>hom\u00f3fonos<\/strong>, palabras que suenan igual pero que tienen significados diferentes y, en ocasiones, difieren tambi\u00e9n en su graf\u00eda. Una pesadilla, s\u00ed.<\/p>\n<p style=\"text-align: justify;\">Si ahora mismo te pregunto cu\u00e1l es la diferencia entre \u00abpor qu\u00e9\u00bb, \u00abporqu\u00e9\u00bb, \u00abporque\u00bb y \u00abpor que\u00bb, quiz\u00e1 lo tengas muy claro, clar\u00edsimo. Pero yo quiero asegurarme de que el d\u00eda del examen, con tus nervios (el <em>a ver qu\u00e9 bola sale, <\/em>el <em>que me toque el que me mejor me s\u00e9, por favor, <\/em>o incluso el <em>ay madre, que no me pinta el boli)<\/em>, esta sea la \u00faltima de tus preocupaciones.<\/p>\n<ul style=\"text-align: justify;\">\n<li><strong>Por qu\u00e9<\/strong> es una secuencia formada por la preposici\u00f3n \u00abpor\u00bb y el interrogativo o exclamativo \u00abqu\u00e9\u00bb, por lo que introduce <strong>oraciones interrogativas y exclamativas<\/strong> directas e indirectas: <em>\u00bf<\/em><em>Por qu\u00e9 no vienes? &gt; No s\u00e9 por qu\u00e9 no vienes.<\/em><\/li>\n<\/ul>\n<ul style=\"text-align: justify;\">\n<li><strong>Porqu\u00e9 <\/strong>es un <strong>sustantivo <\/strong>masculino que significa \u00abcausa, motivo, raz\u00f3n\u00bb y se escribe con tilde por ser palabra aguda terminada en vocal: <em>Todo tiene su porqu\u00e9.<\/em><\/li>\n<\/ul>\n<ul style=\"text-align: justify;\">\n<li><strong>Porque<\/strong> es una <strong>conjunci\u00f3n \u00e1tona<\/strong> que puede usarse como encabezamiento de las respuestas a las preguntas introducidas por la secuencia \u00abpor qu\u00e9\u00bb y tambi\u00e9n para introducir oraciones causales o finales: <em>No vino a trabajar porque estaba enfermo [causa] <\/em>o <em>Hice cuanto pude porque [= para que] no se enterara [finalidad].<\/em><\/li>\n<\/ul>\n<ul style=\"text-align: justify;\">\n<li><strong>Por que<\/strong> es una secuencia formada por la preposici\u00f3n \u00abpor\u00bb y \u00abque\u00bb, que pude tener valor de pronombre relativo o de conjunci\u00f3n subordinante: <em>Este es el motivo por (el) que te llam\u00e9 <\/em>\u00a0[equivale a \u00abel cual].<\/li>\n<\/ul>\n<p style=\"text-align: justify;\">Y despu\u00e9s de soltarte tremenda <em>chapa, <\/em>te dejo para que puedas poner en pr\u00e1ctica estos consejos de persona chul\u00edsima que escribe genial en espa\u00f1ol.<\/p>\n<p style=\"text-align: justify;\">\u00a1A darle ca\u00f1a a la semana! \ud83d\ude80<\/p>\n<p><img loading=\"lazy\" decoding=\"async\" class=\" wp-image-13894 alignleft\" src=\"https:\/\/www.dosacordes.es\/web\/wp-content\/uploads\/2024\/10\/Diseno-sin-titulo-3-300x300.png\" alt=\"\" width=\"194\" height=\"194\" srcset=\"https:\/\/www.dosacordes.es\/web\/wp-content\/uploads\/2024\/10\/Diseno-sin-titulo-3-300x300.png 300w, https:\/\/www.dosacordes.es\/web\/wp-content\/uploads\/2024\/10\/Diseno-sin-titulo-3-380x380.png 380w, https:\/\/www.dosacordes.es\/web\/wp-content\/uploads\/2024\/10\/Diseno-sin-titulo-3-90x90.png 90w, https:\/\/www.dosacordes.es\/web\/wp-content\/uploads\/2024\/10\/Diseno-sin-titulo-3-416x416.png 416w, https:\/\/www.dosacordes.es\/web\/wp-content\/uploads\/2024\/10\/Diseno-sin-titulo-3-100x100.png 100w, https:\/\/www.dosacordes.es\/web\/wp-content\/uploads\/2024\/10\/Diseno-sin-titulo-3.png 500w\" sizes=\"(max-width: 194px) 100vw, 194px\" \/><\/p>\n","protected":false},"excerpt":{"rendered":"<p>\u00a1Volvemos al l\u00edo! Halloween ya ha pasado, pero sigue habiendo cosas que dan mucho miedo, y s\u00ed, me refiero a tener faltas de ortograf\u00eda en el examen escrito de la oposici\u00f3n \ud83d\ude35. Aunque se tiende a pensar que nuestra lengua es m\u00e1s sencilla que otras porque las palabras se pronuncian tal y como se escriben, [&hellip;]<\/p>\n","protected":false},"author":1646,"featured_media":0,"comment_status":"closed","ping_status":"closed","sticky":false,"template":"","format":"standard","meta":{"om_disable_all_campaigns":false,"_monsterinsights_skip_tracking":false,"_monsterinsights_sitenote_active":false,"_monsterinsights_sitenote_note":"","_monsterinsights_sitenote_category":0,"footnotes":""},"categories":[4415],"tags":[],"aioseo_notices":[],"lang":"es","translations":{"es":14061},"pll_sync_post":[],"_links":{"self":[{"href":"https:\/\/www.dosacordes.es\/web\/wp-json\/wp\/v2\/posts\/14061"}],"collection":[{"href":"https:\/\/www.dosacordes.es\/web\/wp-json\/wp\/v2\/posts"}],"about":[{"href":"https:\/\/www.dosacordes.es\/web\/wp-json\/wp\/v2\/types\/post"}],"author":[{"embeddable":true,"href":"https:\/\/www.dosacordes.es\/web\/wp-json\/wp\/v2\/users\/1646"}],"replies":[{"embeddable":true,"href":"https:\/\/www.dosacordes.es\/web\/wp-json\/wp\/v2\/comments?post=14061"}],"version-history":[{"count":1,"href":"https:\/\/www.dosacordes.es\/web\/wp-json\/wp\/v2\/posts\/14061\/revisions"}],"predecessor-version":[{"id":14062,"href":"https:\/\/www.dosacordes.es\/web\/wp-json\/wp\/v2\/posts\/14061\/revisions\/14062"}],"wp:attachment":[{"href":"https:\/\/www.dosacordes.es\/web\/wp-json\/wp\/v2\/media?parent=14061"}],"wp:term":[{"taxonomy":"category","embeddable":true,"href":"https:\/\/www.dosacordes.es\/web\/wp-json\/wp\/v2\/categories?post=14061"},{"taxonomy":"post_tag","embeddable":true,"href":"https:\/\/www.dosacordes.es\/web\/wp-json\/wp\/v2\/tags?post=14061"}],"curies":[{"name":"wp","href":"https:\/\/api.w.org\/{rel}","templated":true}]}}