{"id":1288,"date":"2019-10-04T16:33:53","date_gmt":"2019-10-04T14:33:53","guid":{"rendered":"http:\/\/www.dosacordes.es\/web\/?p=1288"},"modified":"2026-03-17T12:25:37","modified_gmt":"2026-03-17T11:25:37","slug":"oposiciones-primaria-preparate-para-lengua-extranjera-ingles","status":"publish","type":"post","link":"https:\/\/www.dosacordes.es\/web\/oposiciones-primaria-preparate-para-lengua-extranjera-ingles\/","title":{"rendered":"Oposiciones primaria: prep\u00e1rate para lengua extranjera ingl\u00e9s"},"content":{"rendered":"<h2 class=\"wp-block-heading\">\u00bfQuieres preparar las oposiciones de lengua extranjera ingl\u00e9s para primaria? \u00a1No dejes pasar todo el a\u00f1o!<\/h2><p>Como os comentamos sabemos que sois muchos los que est\u00e1is dudando si empezar ya o esperar para <strong>preparar las oposiciones de primaria<\/strong>. Pero como ya os comentamos, desde <strong>Dos Acordes<\/strong> creemos que es importante no dejar pasar el a\u00f1o. <\/p><p>Y, a la espera de saber si habr\u00e1 o no oferta de cara a 2020, lo que os recomendamos es que empec\u00e9is ya con la preparaci\u00f3n, de cara a poder conseguir vuestra plaza. De esta, manera, en nuestra<strong><a href=\"https:\/\/academia.dosacordes.es\/\"> academia de oposiciones<\/a><\/strong>, hemos sacado grupo para este curso de 2019\/2020, para la especialidad de lengua extranjera de primaria y comenzamos ya con las clases. La metodolog\u00eda y los valores que seguimos son los mismos que con el resto de grupos:<\/p><!--more--><ul>\n<li>\n<blockquote>Atenci\u00f3n personalizada<\/blockquote>\n<\/li>\n<li>\n<blockquote>Formaci\u00f3n online de calidad<\/blockquote>\n<\/li>\n<li>\n<blockquote>Alto porcentaje de \u00e9xitos (inf\u00f3rmate <a href=\"https:\/\/docs.google.com\/document\/d\/1horwGagqTy_NDRpOArNb98tee2Rs9KCCqcFgNDjK35Q\/edit\">aqu\u00ed <\/a>sobre los aprobados en el curso 2018\/2019).<\/blockquote>\n<\/li>\n<li>\n<blockquote>Profesorado funcionario de carrera en la especialidad y con amplia experiencia.<\/blockquote>\n<\/li>\n<li>\n<blockquote>Casos pr\u00e1cticos y explicaciones detalladas.<\/blockquote>\n<\/li>\n<\/ul><div class=\"wp-block-image\"><figure class=\"aligncenter\"><img loading=\"lazy\" decoding=\"async\" width=\"960\" height=\"640\" src=\"http:\/\/www.dosacordes.es\/web\/wp-content\/uploads\/2019\/10\/board-928378_960_720.jpg\" alt=\"\" class=\"wp-image-1290\" srcset=\"https:\/\/www.dosacordes.es\/web\/wp-content\/uploads\/2019\/10\/board-928378_960_720.jpg 960w, https:\/\/www.dosacordes.es\/web\/wp-content\/uploads\/2019\/10\/board-928378_960_720-416x277.jpg 416w, https:\/\/www.dosacordes.es\/web\/wp-content\/uploads\/2019\/10\/board-928378_960_720-300x200.jpg 300w, https:\/\/www.dosacordes.es\/web\/wp-content\/uploads\/2019\/10\/board-928378_960_720-272x182.jpg 272w\" sizes=\"(max-width: 960px) 100vw, 960px\" \/><\/figure><\/div><h3 class=\"wp-block-heading\"><strong>Andrea Mart\u00ednez: nuestra <a href=\"https:\/\/academia.dosacordes.es\/course\/view.php?id=87\">preparadora de Lengua Extranjera Ingl\u00e9s<\/a><\/strong><\/h3><p>Andrea es diplomada en Ciencias de la Educaci\u00f3n (especialidades de Educaci\u00f3n Infantil). Realiz\u00f3 un M\u00e1ster en Dependencia y Gesti\u00f3n de Servicios Sociales. Tiene el Ciclo Superior de Integraci\u00f3n Social, y dispone del t\u00edtulo C1 en Ingl\u00e9s.&nbsp; <strong>Es Funcionaria de carrera del Cuerpo de Maestros. <\/strong><\/p><p><!-- \/wp:paragraph --><\/p>\n<p><!-- wp:paragraph --><\/p>\n<p><img loading=\"lazy\" decoding=\"async\" width=\"1024\" height=\"712\" class=\"wp-image-1048\" src=\"http:\/\/www.dosacordes.es\/web\/wp-content\/uploads\/2019\/07\/3-Ficha-ANDREA-MARTINEZ-1024x712.jpg\" alt=\"\" srcset=\"https:\/\/www.dosacordes.es\/web\/wp-content\/uploads\/2019\/07\/3-Ficha-ANDREA-MARTINEZ-1024x712.jpg 1024w, https:\/\/www.dosacordes.es\/web\/wp-content\/uploads\/2019\/07\/3-Ficha-ANDREA-MARTINEZ-416x289.jpg 416w, https:\/\/www.dosacordes.es\/web\/wp-content\/uploads\/2019\/07\/3-Ficha-ANDREA-MARTINEZ-300x209.jpg 300w, https:\/\/www.dosacordes.es\/web\/wp-content\/uploads\/2019\/07\/3-Ficha-ANDREA-MARTINEZ.jpg 1169w\" sizes=\"(max-width: 1024px) 100vw, 1024px\" \/><\/p>\n<p><!-- \/wp:core-embed\/youtube --><\/p>\n<p><!-- wp:heading {\"level\":3} --><\/p>\n<p><!-- \/wp:list --><\/p>\n<p><!-- wp:paragraph --><\/p>\n<p><!--EndFragment--><\/p>\n<p><!-- wp:quote --><\/p>\n<blockquote class=\"wp-block-quote\">\n<p>Me encanta crear materiales educativos personalizados y el aprendizaje basado en juegos, por lo que siempre estoy buscando inspiraci\u00f3n en distintas cuentas de Instagram, Pinterest&#8230; Me identifico mucho con la educaci\u00f3n basada en los principios de la Disciplina Positiva.<\/p>\n<\/blockquote>\n<p><!-- \/wp:quote --><\/p>\n<p><!-- [if gte mso 9]&gt;--><\/p>\n<p><!-- [if gte mso 9]&gt;--><\/p>\n<p>Andrea cree en \u00abla idea de que otra forma de <strong>preparar as oposiciones<\/strong> es posible, m\u00e1s pr\u00e1ctica y menos repetitiva y cerrada.\u00bb As\u00ed, nos informa que:\u00a0<\/p>\n<p><!-- [if gte mso 10]&gt;--><\/p>\n<p><!--EndFragment--><\/p>\n<p><!-- wp:quote --><\/p>\n<blockquote class=\"wp-block-quote\">\n<p>Por ello, aunque vamos a trabajar mucho, vamos a intentar que este proceso no sea un m\u00e9rito tr\u00e1mite para conseguir un fin: vamos a aprender mucho de \u00e9l e, incluso, llegar a disfrutarlo.\u00a0 Vamos a ser muy\u00a0 originales: aunque pondr\u00e9 a vuestra disposici\u00f3n todo el material necesario, os ayudar\u00e9 a personalizarlo para que sea \u00fanico y para que se\u00e1is capaces de aprenderlo de manera m\u00e1s significativa y, por lo tanto, m\u00e1s exitosa y sencilla.<\/p>\n<\/blockquote>\n<p><!-- \/wp:core-embed\/youtube --><\/p>\n<p><!-- wp:heading {\"level\":3} --><\/p>\n<h3><strong>\u00bfQu\u00e9 metodolog\u00eda sigue Andrea para preparar las oposiciones? <\/strong><\/h3>\n<p><!-- \/wp:heading --><\/p>\n<p><!-- \/wp:heading --><\/p>\n<p>El curso de ingl\u00e9s se divide en tres m\u00f3dulos:<\/p>\n<p><!-- \/wp:paragraph --><\/p>\n<p><!-- wp:list --><\/p>\n<ul>\n<li><strong>El tema escrito<\/strong>: contaremos con temario original de elaboraci\u00f3n propia que modificar\u00e9is hasta hacerlo \u201cvuestro\u201d. Haremos un simulacro trimestral, pero tambi\u00e9n pod\u00e9is pasarme los temas una vez que los teng\u00e1is elaborados para que los revise y haga las aportaciones necesarias.<\/li>\n<li><strong>\u00a0El supuesto pr\u00e1ctico: <\/strong>cada semana os entregar\u00e9 un caso pr\u00e1ctico que corregiremos en grupo en la clase siguiente. En el simulacro trimestral del tema escrito habr\u00e1 tambi\u00e9n un caso pr\u00e1ctico que os devolver\u00e9 corregido de manera individual junto con el tema.<\/li>\n<li>\u00a0<strong>Programaci\u00f3n y Unidades Did\u00e1cticas<\/strong>: iremos tratando uno a uno cada uno de los puntos que es necesario incluir, y cada vez que termin\u00e9is un apartado pod\u00e9is envi\u00e1rmelo para su revisi\u00f3n. Haremos simulacros online de las defensas para trabajar la parte de la exposici\u00f3n ante el tribunal. Tambi\u00e9n ir\u00e9 compartiendo con vosotras y vosotros diferentes recursos pr\u00e1cticos: metodolog\u00edas novedosas que pod\u00e9is incluir en la programaci\u00f3n, experiencias educativas relevantes, herramientas para elaborar materiales propios, ideas de aprendizajes basados en el juego\u2026<\/li>\n<\/ul>\n<p><!--EndFragment--><\/p>\n<p><!-- wp:paragraph --><\/p>\n<p><!-- \/wp:paragraph --><\/p>\n<p><!-- wp:button {\"backgroundColor\":\"light-green-cyan\",\"textColor\":\"vivid-cyan-blue\",\"align\":\"center\",\"className\":\"is-style-outline\"} --><\/p>\n<div class=\"wp-block-button aligncenter is-style-outline\"><a class=\"wp-block-button__link has-text-color has-vivid-cyan-blue-color has-background has-light-green-cyan-background-color\" href=\"https:\/\/www.dosacordes.es\/tickets\/\"><strong>\u00a1No pierdas un a\u00f1o, empieza ya!<\/strong><\/a><\/div>\n<p><!-- \/wp:button --><\/p>\n<p><!-- wp:tadv\/classic-paragraph \/--><\/p>","protected":false},"excerpt":{"rendered":"<p>\u00bfQuieres preparar las oposiciones de lengua extranjera ingl\u00e9s para primaria? \u00a1No dejes pasar todo el a\u00f1o! Como os comentamos sabemos que sois muchos los que est\u00e1is dudando si empezar ya o esperar para preparar las oposiciones de primaria. Pero como ya os comentamos, desde Dos Acordes creemos que es importante no dejar pasar el a\u00f1o. [&hellip;]<\/p>\n","protected":false},"author":7,"featured_media":1291,"comment_status":"closed","ping_status":"closed","sticky":false,"template":"","format":"standard","meta":{"om_disable_all_campaigns":false,"_monsterinsights_skip_tracking":false,"_monsterinsights_sitenote_active":false,"_monsterinsights_sitenote_note":"","_monsterinsights_sitenote_category":0,"footnotes":""},"categories":[18,9],"tags":[135,15,134],"aioseo_notices":[],"lang":"es","translations":{"es":1288},"pll_sync_post":[],"_links":{"self":[{"href":"https:\/\/www.dosacordes.es\/web\/wp-json\/wp\/v2\/posts\/1288"}],"collection":[{"href":"https:\/\/www.dosacordes.es\/web\/wp-json\/wp\/v2\/posts"}],"about":[{"href":"https:\/\/www.dosacordes.es\/web\/wp-json\/wp\/v2\/types\/post"}],"author":[{"embeddable":true,"href":"https:\/\/www.dosacordes.es\/web\/wp-json\/wp\/v2\/users\/7"}],"replies":[{"embeddable":true,"href":"https:\/\/www.dosacordes.es\/web\/wp-json\/wp\/v2\/comments?post=1288"}],"version-history":[{"count":7,"href":"https:\/\/www.dosacordes.es\/web\/wp-json\/wp\/v2\/posts\/1288\/revisions"}],"predecessor-version":[{"id":1317,"href":"https:\/\/www.dosacordes.es\/web\/wp-json\/wp\/v2\/posts\/1288\/revisions\/1317"}],"wp:featuredmedia":[{"embeddable":true,"href":"https:\/\/www.dosacordes.es\/web\/wp-json\/wp\/v2\/media\/1291"}],"wp:attachment":[{"href":"https:\/\/www.dosacordes.es\/web\/wp-json\/wp\/v2\/media?parent=1288"}],"wp:term":[{"taxonomy":"category","embeddable":true,"href":"https:\/\/www.dosacordes.es\/web\/wp-json\/wp\/v2\/categories?post=1288"},{"taxonomy":"post_tag","embeddable":true,"href":"https:\/\/www.dosacordes.es\/web\/wp-json\/wp\/v2\/tags?post=1288"}],"curies":[{"name":"wp","href":"https:\/\/api.w.org\/{rel}","templated":true}]}}