{"id":1245,"date":"2019-09-23T10:29:48","date_gmt":"2019-09-23T08:29:48","guid":{"rendered":"http:\/\/www.dosacordes.es\/web\/?p=1245"},"modified":"2026-03-17T12:26:14","modified_gmt":"2026-03-17T11:26:14","slug":"ponte-a-tono-como-usar-la-gamificacion-en-el-aula","status":"publish","type":"post","link":"https:\/\/www.dosacordes.es\/web\/ponte-a-tono-como-usar-la-gamificacion-en-el-aula\/","title":{"rendered":"\u00a1Ponte a tono! C\u00f3mo usar la gamificaci\u00f3n en el aula"},"content":{"rendered":"<p>El viernes pasado habl\u00e1bamos en nuestro blog acerca de c\u00f3mo usar la <a href=\"http:\/\/www.dosacordes.es\/web\/la-gamificacion-en-el-aula-deja-que-tus-alumnos-se-diviertan-mientras-aprenden\/\"><strong>gamificaci\u00f3n en el aula<\/strong><\/a> para conseguir divertir a los alumnos mientras aprenden. Compartimos con vosotros un peque\u00f1o viaje por esta t\u00e9cnica de educaci\u00f3n y mostramos algunas herramientas como ejemplos pr\u00e1cticos. Pues bien, hoy queremos profundizar en un material que os ayudar\u00e1 a usar la<strong> gamificaci\u00f3n <\/strong>en vuestras clases:<strong>&nbsp;\u00a1Ponte a tono!&nbsp;<\/strong><\/p><div class=\"wp-block-image\"><figure class=\"aligncenter\"><img decoding=\"async\" src=\"http:\/\/www.dosacordes.es\/web\/wp-content\/uploads\/2019\/09\/b5-300x300.jpg\" alt=\"\" class=\"wp-image-1247\" \/><\/figure><\/div><!--more--><p>Como bien pod\u00e9is leer en nuestra web:<\/p><blockquote class=\"wp-block-quote is-layout-flow wp-block-quote-is-layout-flow\"><p><em><strong>\u00a1Ponte a tono!<\/strong><\/em>&nbsp;presenta una nueva metodolog\u00eda pr\u00e1ctica de aprendizaje cuyo objetivo principal es organizar la mente del m\u00fasico a temprana edad a trav\u00e9s de la <strong>Educaci\u00f3n auditiva y vocal.<\/strong><\/p><\/blockquote><p>Un libro que busca profundizar en  los aspectos m\u00e1s transcendentes y concretos de la entonaci\u00f3n, \u00aba partir de la interiorizaci\u00f3n sonora de las diferentes escalas, intervalos y acordes que se dan en el sistema musical occidental. \u00ab<\/p><p><em><strong>\u00a1Ponte a tono!<\/strong><\/em> presenta dos vol\u00famenes, en el <a href=\"http:\/\/dosacordes.es\/tienda\/index.php?main_page=product_info&amp;cPath=26&amp;products_id=234\">primero<\/a> se realiza con viaje progresivo que inicia en el  conocimiento del tetracordo y su entonaci\u00f3n, sigue por la escala y su entonaci\u00f3n, los intervalos derivados de ella y su entonaci\u00f3n y, llega hasta la entonaci\u00f3n de melod\u00edas. <\/p><div class=\"wp-block-image\"><figure class=\"aligncenter\"><img loading=\"lazy\" decoding=\"async\" width=\"300\" height=\"300\" src=\"http:\/\/www.dosacordes.es\/web\/wp-content\/uploads\/2019\/09\/Ponte-a-tono-cubierta-300x300.jpg\" alt=\"\" class=\"wp-image-1252\" srcset=\"https:\/\/www.dosacordes.es\/web\/wp-content\/uploads\/2019\/09\/Ponte-a-tono-cubierta-300x300.jpg 300w, https:\/\/www.dosacordes.es\/web\/wp-content\/uploads\/2019\/09\/Ponte-a-tono-cubierta-scaled-100x100.jpg 100w, https:\/\/www.dosacordes.es\/web\/wp-content\/uploads\/2019\/09\/Ponte-a-tono-cubierta-scaled-416x416.jpg 416w, https:\/\/www.dosacordes.es\/web\/wp-content\/uploads\/2019\/09\/Ponte-a-tono-cubierta-150x150.jpg 150w, https:\/\/www.dosacordes.es\/web\/wp-content\/uploads\/2019\/09\/Ponte-a-tono-cubierta-1024x1024.jpg 1024w\" sizes=\"(max-width: 300px) 100vw, 300px\" \/><\/figure><\/div><p>El segundo <a href=\"http:\/\/dosacordes.es\/tienda\/index.php?main_page=product_info&amp;cPath=26&amp;products_id=249\">volumen <\/a>, por su parte: completa los conocimientos del primero,  \u00abm\u00e1s tetracordos y su entonaci\u00f3n, la conjunci\u00f3n de dos tetracordos distintos, los tetracordos arm\u00f3nicos, los arpegios y, por \u00faltimo, la entonaci\u00f3n de melod\u00edas.&nbsp;\u00ab<\/p><div class=\"wp-block-image\"><figure class=\"aligncenter\"><img loading=\"lazy\" decoding=\"async\" width=\"300\" height=\"300\" src=\"http:\/\/www.dosacordes.es\/web\/wp-content\/uploads\/2019\/09\/EAV2-cubierta-redes-300x300.jpg\" alt=\"\" class=\"wp-image-1253\" srcset=\"https:\/\/www.dosacordes.es\/web\/wp-content\/uploads\/2019\/09\/EAV2-cubierta-redes-300x300.jpg 300w, https:\/\/www.dosacordes.es\/web\/wp-content\/uploads\/2019\/09\/EAV2-cubierta-redes-100x100.jpg 100w, https:\/\/www.dosacordes.es\/web\/wp-content\/uploads\/2019\/09\/EAV2-cubierta-redes-416x416.jpg 416w, https:\/\/www.dosacordes.es\/web\/wp-content\/uploads\/2019\/09\/EAV2-cubierta-redes-150x150.jpg 150w, https:\/\/www.dosacordes.es\/web\/wp-content\/uploads\/2019\/09\/EAV2-cubierta-redes-1024x1024.jpg 1024w, https:\/\/www.dosacordes.es\/web\/wp-content\/uploads\/2019\/09\/EAV2-cubierta-redes.jpg 1772w\" sizes=\"(max-width: 300px) 100vw, 300px\" \/><\/figure><\/div><h2 class=\"wp-block-heading\">Metodolog\u00eda de \u00a1Ponte a tono!<\/h2><blockquote class=\"wp-block-quote is-layout-flow wp-block-quote-is-layout-flow\"><p> La metodolog\u00eda propuesta presenta influencias del <strong>m\u00e9todo Kod\u00e1ly<\/strong>; mediante su aplicaci\u00f3n en el aula, el alumnado adquiere una perspectiva de sonidos y proporciones interv\u00e1licas dentro de un sistema organizado.<\/p><\/blockquote><p>Adem\u00e1s, los dos libros se ven complementados con v\u00eddeos turoriales que ofrecen una visi\u00f3n pr\u00e1ctica para facilitar la comprensi\u00f3n de esta metodolog\u00eda.  Todos los contenidos est\u00e1n desarrollados y organizados siguiendo la l\u00ednea del <strong>Lenguaje musical. <\/strong><\/p><blockquote class=\"wp-block-quote is-layout-flow wp-block-quote-is-layout-flow\"><p>Este libro es, en suma, el resultado de nuestra intenci\u00f3n (desde nuestra <strong><a href=\"http:\/\/www.dosacordes.es\/web\/publicaciones\/\">editorial<\/a><\/strong><a href=\"http:\/\/www.dosacordes.es\/web\/publicaciones\/\"> <\/a>y<strong> <a href=\"https:\/\/academia.dosacordes.es\/\">academia de oposiciones<\/a><\/strong>) de confeccionar un m\u00e9todo para construir el mundo sonoro-musical interno de nuestros peque\u00f1os m\u00fasicos. <\/p><\/blockquote><h2 class=\"wp-block-heading\">\u00a1Ponte a tono! y gamificaci\u00f3n<\/h2><p>Recordamos que la <strong>Gamificaci\u00f3n<\/strong>, consiste en aplicar mecanismos de los juegos (tanto anal\u00f3gicos como digitales) en los procesos de aprendizaje. Por eso, desde <strong>Dos Acordes,<\/strong> queremos presentar una de nuestras \u00faltimas novedades: <strong>La familia B\u00faho<\/strong>.<\/p><blockquote class=\"wp-block-quote is-layout-flow wp-block-quote-is-layout-flow\"><p>Cinco peque\u00f1os b\u00fahos realizados en textil en tres dimensiones, para vehicular y amenizar los contenidos ense\u00f1ados en los libros. <\/p><\/blockquote><div class=\"wp-block-image\"><figure class=\"aligncenter\"><img loading=\"lazy\" decoding=\"async\" width=\"300\" height=\"300\" src=\"http:\/\/www.dosacordes.es\/web\/wp-content\/uploads\/2019\/09\/b4b-300x300.jpg\" alt=\"\" class=\"wp-image-1248\" srcset=\"https:\/\/www.dosacordes.es\/web\/wp-content\/uploads\/2019\/09\/b4b-300x300.jpg 300w, https:\/\/www.dosacordes.es\/web\/wp-content\/uploads\/2019\/09\/b4b-100x100.jpg 100w, https:\/\/www.dosacordes.es\/web\/wp-content\/uploads\/2019\/09\/b4b-416x416.jpg 416w, https:\/\/www.dosacordes.es\/web\/wp-content\/uploads\/2019\/09\/b4b-150x150.jpg 150w, https:\/\/www.dosacordes.es\/web\/wp-content\/uploads\/2019\/09\/b4b.jpg 537w\" sizes=\"(max-width: 300px) 100vw, 300px\" \/><\/figure><\/div><p>Una herramienta indispensable para la <strong>gamificaci\u00f3n<\/strong> como t\u00e9cnica docente. Y es que, cada uno de los personajes de la<strong> Familia B\u00faho<\/strong>, \u00abresponde a una acci\u00f3n concreta o a varias (Observa, Recuerda, Lee y Aprende, etc.) para estimular al alumno y conducir el juego-aprendizaje.\u00bb<\/p><div class=\"wp-block-image\"><figure class=\"aligncenter\"><img loading=\"lazy\" decoding=\"async\" width=\"300\" height=\"300\" src=\"http:\/\/www.dosacordes.es\/web\/wp-content\/uploads\/2019\/09\/b3-300x300.jpg\" alt=\"\" class=\"wp-image-1249\" srcset=\"https:\/\/www.dosacordes.es\/web\/wp-content\/uploads\/2019\/09\/b3-300x300.jpg 300w, https:\/\/www.dosacordes.es\/web\/wp-content\/uploads\/2019\/09\/b3-100x100.jpg 100w, https:\/\/www.dosacordes.es\/web\/wp-content\/uploads\/2019\/09\/b3-416x416.jpg 416w, https:\/\/www.dosacordes.es\/web\/wp-content\/uploads\/2019\/09\/b3-150x150.jpg 150w, https:\/\/www.dosacordes.es\/web\/wp-content\/uploads\/2019\/09\/b3.jpg 537w\" sizes=\"(max-width: 300px) 100vw, 300px\" \/><\/figure><\/div><p>Esta simp\u00e1tica familia viene una bolsa de tela y una caja de cart\u00f3n. Adem\u00e1s, se acompa\u00f1a de una peque\u00f1a descripci\u00f3n de sus roles, aunque cada docente puede adaptar sus personalidades a las necesidades concretas de su aula. <\/p><div class=\"wp-block-button\"><a class=\"wp-block-button__link\" href=\"http:\/\/dosacordes.es\/tienda\/index.php?main_page=product_info&amp;cPath=26&amp;products_id=250\"> <strong>\u00a1OFERTA! Si adquieres 20 o m\u00e1s ejemplares de \u00a1Ponte a tono! I y II para tu aula, te regalamos a la Familia B\u00faho!<\/strong> <\/a><\/div>","protected":false},"excerpt":{"rendered":"<p>El viernes pasado habl\u00e1bamos en nuestro blog acerca de c\u00f3mo usar la gamificaci\u00f3n en el aula para conseguir divertir a los alumnos mientras aprenden. Compartimos con vosotros un peque\u00f1o viaje por esta t\u00e9cnica de educaci\u00f3n y mostramos algunas herramientas como ejemplos pr\u00e1cticos. Pues bien, hoy queremos profundizar en un material que os ayudar\u00e1 a usar [&hellip;]<\/p>\n","protected":false},"author":7,"featured_media":1247,"comment_status":"closed","ping_status":"closed","sticky":false,"template":"","format":"standard","meta":{"om_disable_all_campaigns":false,"_monsterinsights_skip_tracking":false,"_monsterinsights_sitenote_active":false,"_monsterinsights_sitenote_note":"","_monsterinsights_sitenote_category":0,"footnotes":""},"categories":[64,22],"tags":[108,124,125,96],"aioseo_notices":[],"lang":"es","translations":{"es":1245},"pll_sync_post":[],"_links":{"self":[{"href":"https:\/\/www.dosacordes.es\/web\/wp-json\/wp\/v2\/posts\/1245"}],"collection":[{"href":"https:\/\/www.dosacordes.es\/web\/wp-json\/wp\/v2\/posts"}],"about":[{"href":"https:\/\/www.dosacordes.es\/web\/wp-json\/wp\/v2\/types\/post"}],"author":[{"embeddable":true,"href":"https:\/\/www.dosacordes.es\/web\/wp-json\/wp\/v2\/users\/7"}],"replies":[{"embeddable":true,"href":"https:\/\/www.dosacordes.es\/web\/wp-json\/wp\/v2\/comments?post=1245"}],"version-history":[{"count":4,"href":"https:\/\/www.dosacordes.es\/web\/wp-json\/wp\/v2\/posts\/1245\/revisions"}],"predecessor-version":[{"id":1256,"href":"https:\/\/www.dosacordes.es\/web\/wp-json\/wp\/v2\/posts\/1245\/revisions\/1256"}],"wp:featuredmedia":[{"embeddable":true,"href":"https:\/\/www.dosacordes.es\/web\/wp-json\/wp\/v2\/media\/1247"}],"wp:attachment":[{"href":"https:\/\/www.dosacordes.es\/web\/wp-json\/wp\/v2\/media?parent=1245"}],"wp:term":[{"taxonomy":"category","embeddable":true,"href":"https:\/\/www.dosacordes.es\/web\/wp-json\/wp\/v2\/categories?post=1245"},{"taxonomy":"post_tag","embeddable":true,"href":"https:\/\/www.dosacordes.es\/web\/wp-json\/wp\/v2\/tags?post=1245"}],"curies":[{"name":"wp","href":"https:\/\/api.w.org\/{rel}","templated":true}]}}