{"id":12400,"date":"2023-11-23T18:16:25","date_gmt":"2023-11-23T16:16:25","guid":{"rendered":"https:\/\/www.dosacordes.es\/web\/?p=12400"},"modified":"2026-03-17T11:36:12","modified_gmt":"2026-03-17T10:36:12","slug":"curva-del-olvido-y-su-impacto-en-la-oposicion","status":"publish","type":"post","link":"https:\/\/www.dosacordes.es\/web\/curva-del-olvido-y-su-impacto-en-la-oposicion\/","title":{"rendered":"Curva del olvido y su impacto en la oposici\u00f3n"},"content":{"rendered":"<p style=\"text-align: justify;\">El concepto de <em>curva del olvido<\/em> fue desarrollado por el psic\u00f3logo y fil\u00f3sofo alem\u00e1n Hermann Ebbinghaus a finales del siglo XIX bajo el objetivo de explicar c\u00f3mo funcionaba la memoria humana. A trav\u00e9s de varios experimentos llevados a cabo con \u00e9l mismo como sujeto, pudo estudiar en profundidad cu\u00e1nto tardaba en olvidar aquello que hab\u00eda memorizado. As\u00ed, fue capaz de encontrar un patr\u00f3n en el comportamiento de su memoria: el mayor grado de olvido ocurre poco tiempo despu\u00e9s de memorizar determinada informaci\u00f3n y se estabiliza paulatinamente con el paso del tiempo.<\/p>\n<p><img loading=\"lazy\" decoding=\"async\" class=\"aligncenter  wp-image-12401\" src=\"https:\/\/www.dosacordes.es\/web\/wp-content\/uploads\/2023\/11\/Curva1-300x156.png\" alt=\"\" width=\"512\" height=\"266\" srcset=\"https:\/\/www.dosacordes.es\/web\/wp-content\/uploads\/2023\/11\/Curva1-300x156.png 300w, https:\/\/www.dosacordes.es\/web\/wp-content\/uploads\/2023\/11\/Curva1-720x374.png 720w, https:\/\/www.dosacordes.es\/web\/wp-content\/uploads\/2023\/11\/Curva1-1536x797.png 1536w, https:\/\/www.dosacordes.es\/web\/wp-content\/uploads\/2023\/11\/Curva1-416x216.png 416w, https:\/\/www.dosacordes.es\/web\/wp-content\/uploads\/2023\/11\/Curva1.png 1808w\" sizes=\"(max-width: 512px) 100vw, 512px\" \/><\/p>\n<p style=\"text-align: justify;\">\u00bfQu\u00e9 quiere decir esto? Y, sobre todo, <strong>\u00bfqu\u00e9 tiene que ver con las oposiciones?<\/strong> \u00a1Sigue leyendo! \ud83d\ude09<\/p>\n<p style=\"text-align: justify;\">Como dec\u00edamos, la teor\u00eda de Ebbinghaus tiene tres puntos principales:<\/p>\n<ul style=\"text-align: justify;\">\n<li>Lo retenido se olvida conforme pasan los d\u00edas.<\/li>\n<li>La p\u00e9rdida inicial es mucho m\u00e1s brusca.<\/li>\n<li>El olvido se estabiliza con el paso del tiempo.<\/li>\n<\/ul>\n<p style=\"text-align: justify;\">Aunque a simple vista no pueda parecer relevante, esta informaci\u00f3n resulta <strong>imprescindible<\/strong> para poder adaptar los <strong>procesos de repaso<\/strong> durante la oposici\u00f3n.<\/p>\n<p style=\"text-align: justify;\">Seguro que conoces a alguien, incluso puede que ese alguien seas t\u00fa, que deja el repaso \u00abpara lo \u00faltimo\u00bb, es decir, para cuando haya terminado el tema (lo cual puede suponer un lapso de dos o tres d\u00edas) o para final de semana, cuando el cansancio se deja notar y parece preferible repasar lo estudiado a memorizar nuevos datos. Pues bien, teniendo en cuenta la curva del olvido, \u00a1esto es un grave error!<\/p>\n<p style=\"text-align: justify;\">Dado que aquello que memoricemos por primera vez se reducir\u00e1 casi a la mitad pasadas a penas 24 horas, lo ideal ser\u00eda realizar un <strong>primer repaso<\/strong> de ese contenido al <strong>d\u00eda siguiente<\/strong> de haberlo estudiado. As\u00ed, se conseguir\u00eda aplacar la p\u00e9rdida inicial tan brusca.<\/p>\n<p style=\"text-align: justify;\">Despu\u00e9s, pasados entre <strong>cinco y siete d\u00edas<\/strong>, deber\u00eda hacerse un segundo repaso de lo estudiado para afianzarlo en la memoria. El \u00faltimo repaso se har\u00eda pasados unos <strong>quince d\u00edas.<\/strong><\/p>\n<p><img loading=\"lazy\" decoding=\"async\" class=\"aligncenter  wp-image-12402\" src=\"https:\/\/www.dosacordes.es\/web\/wp-content\/uploads\/2023\/11\/Curva2-300x197.png\" alt=\"\" width=\"495\" height=\"325\" srcset=\"https:\/\/www.dosacordes.es\/web\/wp-content\/uploads\/2023\/11\/Curva2-300x197.png 300w, https:\/\/www.dosacordes.es\/web\/wp-content\/uploads\/2023\/11\/Curva2-578x380.png 578w, https:\/\/www.dosacordes.es\/web\/wp-content\/uploads\/2023\/11\/Curva2-416x273.png 416w, https:\/\/www.dosacordes.es\/web\/wp-content\/uploads\/2023\/11\/Curva2.png 1427w\" sizes=\"(max-width: 495px) 100vw, 495px\" \/><\/p>\n<p style=\"text-align: justify;\">\u00bfAlguna vez te has frustrado al repasar un tema y darte cuenta de que hab\u00edas olvidado gran parte de la informaci\u00f3n que cre\u00edas completamente memorizada? Pues, si es tu caso, la curva del olvido explica por qu\u00e9 te ha ocurrido eso. \u00a1No es tu culpa! \u00a1No has hecho nada mal! Simplemente, nuestra memoria funciona as\u00ed. Por eso es tan importante saber c\u00f3mo incluir el repaso en nuestra planificaci\u00f3n de estudio diaria. Pru\u00e9balo \u00a1y cu\u00e9ntanos!<\/p>\n<p style=\"text-align: justify;\">En este sentido, tambi\u00e9n es imprescindible apoyarse en preparadores con amplia experiencia en el \u00e1mbito docente que te marquen objetivos a corto y largo plazo para que puedas ir comprobando si realmente est\u00e1s avanzando en el estudio o no y si tu m\u00e9todo de estudio y tu frecuencia de repaso son los adecuados. En <a href=\"https:\/\/academia.dosacordes.es\/\">Dos Acordes,<\/a> por ejemplo, todos nuestros preparadores realilzan simulacros de temas una vez por trimestre, as\u00ed como de los ejercicios pr\u00e1cticos que requiera la especialidad. Esto garantizar\u00e1 un seguimiento constante de tu aprendizaje y evoluci\u00f3n.<\/p>\n<p style=\"text-align: justify;\">Si te ha gustado este contenido, no dejes de leer nuestro blog y de consultar nuestras redes sociales. Pronto publicaremos algunos trucos para llevar tu repaso al siguiente nivel y optimizarlo al m\u00e1ximo \ud83d\ude80.<\/p>\n","protected":false},"excerpt":{"rendered":"<p>El concepto de curva del olvido fue desarrollado por el psic\u00f3logo y fil\u00f3sofo alem\u00e1n Hermann Ebbinghaus a finales del siglo XIX bajo el objetivo de explicar c\u00f3mo funcionaba la memoria humana. A trav\u00e9s de varios experimentos llevados a cabo con \u00e9l mismo como sujeto, pudo estudiar en profundidad cu\u00e1nto tardaba en olvidar aquello que hab\u00eda [&hellip;]<\/p>\n","protected":false},"author":1646,"featured_media":12403,"comment_status":"closed","ping_status":"closed","sticky":false,"template":"","format":"standard","meta":{"om_disable_all_campaigns":false,"_monsterinsights_skip_tracking":false,"_monsterinsights_sitenote_active":false,"_monsterinsights_sitenote_note":"","_monsterinsights_sitenote_category":0,"footnotes":""},"categories":[4409],"tags":[912,935,936,844],"aioseo_notices":[],"lang":"es","translations":{"es":12400},"pll_sync_post":[],"_links":{"self":[{"href":"https:\/\/www.dosacordes.es\/web\/wp-json\/wp\/v2\/posts\/12400"}],"collection":[{"href":"https:\/\/www.dosacordes.es\/web\/wp-json\/wp\/v2\/posts"}],"about":[{"href":"https:\/\/www.dosacordes.es\/web\/wp-json\/wp\/v2\/types\/post"}],"author":[{"embeddable":true,"href":"https:\/\/www.dosacordes.es\/web\/wp-json\/wp\/v2\/users\/1646"}],"replies":[{"embeddable":true,"href":"https:\/\/www.dosacordes.es\/web\/wp-json\/wp\/v2\/comments?post=12400"}],"version-history":[{"count":2,"href":"https:\/\/www.dosacordes.es\/web\/wp-json\/wp\/v2\/posts\/12400\/revisions"}],"predecessor-version":[{"id":12405,"href":"https:\/\/www.dosacordes.es\/web\/wp-json\/wp\/v2\/posts\/12400\/revisions\/12405"}],"wp:featuredmedia":[{"embeddable":true,"href":"https:\/\/www.dosacordes.es\/web\/wp-json\/wp\/v2\/media\/12403"}],"wp:attachment":[{"href":"https:\/\/www.dosacordes.es\/web\/wp-json\/wp\/v2\/media?parent=12400"}],"wp:term":[{"taxonomy":"category","embeddable":true,"href":"https:\/\/www.dosacordes.es\/web\/wp-json\/wp\/v2\/categories?post=12400"},{"taxonomy":"post_tag","embeddable":true,"href":"https:\/\/www.dosacordes.es\/web\/wp-json\/wp\/v2\/tags?post=12400"}],"curies":[{"name":"wp","href":"https:\/\/api.w.org\/{rel}","templated":true}]}}