{"id":1177,"date":"2019-08-19T06:33:30","date_gmt":"2019-08-19T04:33:30","guid":{"rendered":"http:\/\/www.dosacordes.es\/web\/?p=1177"},"modified":"2019-08-19T23:19:18","modified_gmt":"2019-08-19T21:19:18","slug":"1177-2","status":"publish","type":"post","link":"https:\/\/www.dosacordes.es\/web\/1177-2\/","title":{"rendered":"\u00abEleg\u00ed una formaci\u00f3n online por la dificultad para encontrar una formaci\u00f3n musical presencial cerca de mi pueblo\u00bb"},"content":{"rendered":"<p>Entrevistamos a Amaia Azcona Garc\u00eda, una de las alumnas de <strong>Dos Acordes<\/strong> que este a\u00f1o ha aprobado la<a href=\"https:\/\/academia.dosacordes.es\/course\/view.php?id=69\"><strong> oposici\u00f3n en la especialidad de Educaci\u00f3n Musical<\/strong><\/a> <strong>del cuerpo de maestros<\/strong> en Navarra, tras la <strong>formaci\u00f3n online<\/strong> recibida. Adem\u00e1s, Amaia, ha tenido la suerte de poder celebrar este aprobado junto a su hermana, Maite.<\/p><h4 class=\"wp-block-heading\"><strong> &nbsp;\u00bfQu\u00e9 te llev\u00f3 a preparar las <a href=\"https:\/\/academia.dosacordes.es\/\">oposiciones para educaci\u00f3n<\/a>? <\/strong><\/h4><p>\nMe llev\u00f3 a preparar de nuevo las oposiciones para educaci\u00f3n el sentimiento de querer ense\u00f1ar y compartir con personitas, un conocimiento tan especial para m\u00ed como es la m\u00fasica.\n\n<\/p><!--more--><h4 class=\"wp-block-heading\"><strong> &nbsp;\u00bfC\u00f3mo fue la vida de opositoras?, \u00bfos apoyabais mucho mutuamente? <\/strong><\/h4><p>Este curso en concreto, la vida de opositora ha sido dura. No es f\u00e1cil la preparaci\u00f3n simult\u00e1nea al trabajo. Sin embargo, adem\u00e1s de dura, la preparaci\u00f3n ha sido provechosa, con evoluci\u00f3n y mucho aprendizaje (adem\u00e1s de poca vida social jj).<\/p><p>En cuanto a si mi hermana y yo nos apoy\u00e1bamos mutuamente; s\u00ed, much\u00edsimo.<\/p><p>A parte de con mi hermana, se cre\u00f3 un v\u00ednculo muy especial con otra chica de nuestro mismo pueblo que preparaba<strong> oposiciones para infantil<\/strong>. Se nos ocurri\u00f3 solicitar en el ayuntamiento de nuestro pueblo la habilitaci\u00f3n de un aula de estudio en el recinto donde se encuentra la biblioteca municipal (poco preparada para el estudio) y as\u00ed fue. Nos habilitaron una sala en el mismo edificio, a la que pod\u00edamos acceder en cualquier momento, incluidos fines de semana. Al pasar tantas horas en el mismo lugar, aunque fuese cada una centrada en su trabajo, se cre\u00f3 un v\u00ednculo muy especial. En los ratos de descanso, el estar juntas en ese proceso ha resultado muy enriquecedor y terap\u00e9utico ya que todas est\u00e1bamos en el mismo barco&#8230;.todas pas\u00e1bamos por baches y altibajos muy parecidos y nos entend\u00edamos m\u00e1s que cualquier otra persona nos pod\u00eda entender. Creo que el apoyo de otra persona que est\u00e1 en una situaci\u00f3n muy parecida es fundamental.<\/p><h4 class=\"wp-block-heading\"><strong> \u00bfQu\u00e9 os llev\u00f3 a elegir una academia virtual para preparar las  oposiciones?, \u00bfqu\u00e9 expectativas ten\u00edais en la formaci\u00f3n online?, \u00bfse han visto cumplidas? <\/strong><\/h4><p>Me llev\u00f3 a elegir una f<strong>ormaci\u00f3n online <\/strong>la dificultad para encontrar una formaci\u00f3n musical presencial cerca de mi pueblo. En un primer momento surgen las dudas&#8230;parece que una formaci\u00f3n online no puede ser lo personalizada y completa que nos gustar\u00eda. Y sin embargo he de decir que s\u00ed, la preparaci\u00f3n en Dos Acordes ha cumplido mis expectativas. M\u00e1s que eso; las ha superado. Creo que la implicaci\u00f3n de equipo es plena y sincera. Los materiales de alto nivel y cuidado. Me ha encantado encontrar una formaci\u00f3n musical en la que se otorga a la m\u00fasica la importancia que merece y con personas tan especializadas en el tema.<\/p><h2 class=\"wp-block-heading\">Acerca de Dos Acordes&#8230;<\/h2><h4 class=\"wp-block-heading\"><strong> \u00bfPor qu\u00e9 nos escogiste? <\/strong><\/h4><p>Os escog\u00ed porque estaba en un momento de necesitar mucha ayuda en la parte de la <strong>programaci\u00f3n did\u00e1ctica<\/strong>. Y, al ver y comparar distintas posibilidades, me pareci\u00f3 una de las m\u00e1s centradas y especializadas en m\u00fasica.<\/p><h4 class=\"wp-block-heading\"><strong> \u00bfNos recomendar\u00edais a vuestros amigos?, \u00bfpor qu\u00e9? <\/strong><\/h4><p>Sin duda, recomendar\u00eda esta academia. Por el nivel de implicaci\u00f3n, los buenos profesionales que forman parte del equipo, el buen trato, disponibilidad, cuidado en el trabajo&#8230;.<\/p><h4 class=\"wp-block-heading\"><strong> H\u00e1blanos acerca de tu  experiencia con tu preparador\/a. <\/strong><\/h4><p>Aunque he de decir que no he sido una persona participativa durante las clases, ni siquiera me atrev\u00ed a defender mi programaci\u00f3n en p\u00fablico, siempre me ha gustado estar ah\u00ed a mi manera, en un segundo plano. Me encantaba correr para llegar a tiempo y no perderme nada de las clases que tanto me ayudaban. <\/p><p>Admiro y respeto mucho a mi preparador, Javier Jurado, que a parte de un gran <strong>profesional de la m\u00fasica<\/strong> me parece una bell\u00edsima persona. Adem\u00e1s y muy importante, con buen sentido del humor (cosa que se agradece en el duro proceso. En todas las clases estaba presente ese toquecillo de humor y buen ambiente). As\u00ed que, aunque quiz\u00e1 yo no me haya dejado conocer tanto, me ha encantado conocerle a \u00e9l desde la distancia y que haya sido \u00e9l, y no otra persona, mi preparador.<\/p><p>Gracias por todo al <strong>equipazo de Dos Acordes<\/strong>, que espero y pretendo que siempre est\u00e9 presente en mi trabajo.<\/p>","protected":false},"excerpt":{"rendered":"<p>Entrevistamos a Amaia Azcona Garc\u00eda, una de las alumnas de Dos Acordes que este a\u00f1o ha aprobado la oposici\u00f3n en la especialidad de Educaci\u00f3n Musical del cuerpo de maestros en Navarra, tras la formaci\u00f3n online recibida. Adem\u00e1s, Amaia, ha tenido la suerte de poder celebrar este aprobado junto a su hermana, Maite. &nbsp;\u00bfQu\u00e9 te llev\u00f3 [&hellip;]<\/p>\n","protected":false},"author":7,"featured_media":1184,"comment_status":"closed","ping_status":"closed","sticky":false,"template":"","format":"standard","meta":{"om_disable_all_campaigns":false,"_monsterinsights_skip_tracking":false,"_monsterinsights_sitenote_active":false,"_monsterinsights_sitenote_note":"","_monsterinsights_sitenote_category":0,"footnotes":""},"categories":[93],"tags":[118,119],"aioseo_notices":[],"lang":"es","translations":{"es":1177},"pll_sync_post":[],"_links":{"self":[{"href":"https:\/\/www.dosacordes.es\/web\/wp-json\/wp\/v2\/posts\/1177"}],"collection":[{"href":"https:\/\/www.dosacordes.es\/web\/wp-json\/wp\/v2\/posts"}],"about":[{"href":"https:\/\/www.dosacordes.es\/web\/wp-json\/wp\/v2\/types\/post"}],"author":[{"embeddable":true,"href":"https:\/\/www.dosacordes.es\/web\/wp-json\/wp\/v2\/users\/7"}],"replies":[{"embeddable":true,"href":"https:\/\/www.dosacordes.es\/web\/wp-json\/wp\/v2\/comments?post=1177"}],"version-history":[{"count":7,"href":"https:\/\/www.dosacordes.es\/web\/wp-json\/wp\/v2\/posts\/1177\/revisions"}],"predecessor-version":[{"id":1196,"href":"https:\/\/www.dosacordes.es\/web\/wp-json\/wp\/v2\/posts\/1177\/revisions\/1196"}],"wp:featuredmedia":[{"embeddable":true,"href":"https:\/\/www.dosacordes.es\/web\/wp-json\/wp\/v2\/media\/1184"}],"wp:attachment":[{"href":"https:\/\/www.dosacordes.es\/web\/wp-json\/wp\/v2\/media?parent=1177"}],"wp:term":[{"taxonomy":"category","embeddable":true,"href":"https:\/\/www.dosacordes.es\/web\/wp-json\/wp\/v2\/categories?post=1177"},{"taxonomy":"post_tag","embeddable":true,"href":"https:\/\/www.dosacordes.es\/web\/wp-json\/wp\/v2\/tags?post=1177"}],"curies":[{"name":"wp","href":"https:\/\/api.w.org\/{rel}","templated":true}]}}